{"id":208,"date":"2009-10-14T16:03:06","date_gmt":"2009-10-14T19:03:06","guid":{"rendered":"http:\/\/www.closetonline.com.br\/blogcarla\/?p=208"},"modified":"2011-10-09T23:24:30","modified_gmt":"2011-10-10T02:24:30","slug":"coco-chanel-uma-mulher-de-outro-seculo","status":"publish","type":"post","link":"http:\/\/www.girosgourmet.com.br\/index.php\/coco-chanel-uma-mulher-de-outro-seculo\/","title":{"rendered":"Dica Cin\u00e9fila: Coco Chanel"},"content":{"rendered":"<p style=\"text-align: justify;\">&#8220;Quem cedo madruga passa o dia com sono.&#8221;..meu caso no dia de hoje&#8230;.fui dormir a meia noite de ontem (cedo para mim), acordei as 5 &#8230;(n\u00e3o posso dormir cedo&#8230;), sa\u00ed as 8&#8230;&#8230;as 10hs estava come\u00e7ando a ver o premier da Coco Chanel no Artplex do Frei Caneca&#8230;.as 12:15 hs quase no final do filme estava chorando &#8230;voltei para casa com sindrome de Gabrielle&#8230; que mulher fant\u00e1stica!!!<\/p>\n<p style=\"text-align: justify;\">Particularmente tive uma identifica\u00e7\u00e3o com ela, digamos assim instant\u00e2nea&#8230;.orgulhosa, determinada, apaixonante&#8230;.justa&#8230;e tremendamente caprichosa e esperta&#8230;depois que voc\u00eas leitores de my corazon assistirem o filme de Coco Chanel v\u00e3o se apaixonar por ela, assim como eu!!! Uma grande pena n\u00e3o ter tido a grande sorte de t\u00ea-la conhecido, faleceu em 1971, aos 87 anos, 2 anos antes de eu nascer&#8230;.. e mesmo ap\u00f3s 38 anos de sua morte&#8230;Chanel ainda me parece atual&#8230;para ela igualdade entre os sexos era condi\u00e7\u00e3o de felicidade&#8230;..e o amor infelizmente uma grande preocupa\u00e7\u00e3o, um sentimento no qual ela jamais se ajustou&#8230;t\u00e3o atual isso n\u00e3o? Paga-se at\u00e9 hoje um pre\u00e7o alto para ser quem se \u00e9 de verdade, imagine para Gabrielle&#8230;na d\u00e9cada de 20&#8230;naquele \u00e9poca, ela j\u00e1 era de outro tempo&#8230;.seu reinado na moda durou cerca de meio s\u00e9culo&#8230;era incans\u00e1vel&#8230;.<\/p>\n<p style=\"text-align: justify;\">O que mais gosto nela \u00e9 a sua id\u00e9ia simples de eleg\u00e2ncia&#8230;.para ela chique era ser inteligente&#8230;outra coisa em comum, o amor pelos livros&#8230;.enfim s\u00f3 direi mais uma coisinha&#8230;no dia 30\/10 tenha em mente uma escapadinha ao cinema mais pr\u00f3ximo e v\u00e1 conferir a vida de uma das mulheres mais fascinantes que o mundo j\u00e1 teve&#8230;e aprecie o jeito de viver intensamente desta grande estilista francesa&#8230;.Ahhhhhhh e \u00a0Audrey Tatou est\u00e1 fant\u00e1stica&#8230;.<\/p>\n<p style=\"text-align: justify;\">Beijo e lembre-se \u201cSeja composto por alegrias intensas\u201d&#8230;.<\/p>\n<p style=\"text-align: justify;\"><a href=\"http:\/\/www.closetonline.com.br\/blogcarla\/wp-content\/uploads\/2009\/11\/42.jpg\"><img loading=\"lazy\" decoding=\"async\" class=\"size-full wp-image-214  aligncenter\" title=\"_42\" src=\"http:\/\/www.closetonline.com.br\/blogcarla\/wp-content\/uploads\/2009\/11\/42.jpg\" alt=\"\" width=\"375\" height=\"495\" srcset=\"http:\/\/www.girosgourmet.com.br\/wp-content\/uploads\/2009\/11\/42.jpg 375w, http:\/\/www.girosgourmet.com.br\/wp-content\/uploads\/2009\/11\/42-227x300.jpg 227w\" sizes=\"auto, (max-width: 375px) 100vw, 375px\" \/><\/a><\/p>\n<iframe src=\"http:\/\/www.facebook.com\/plugins\/like.php?href=http:\/\/www.girosgourmet.com.br\/index.php\/coco-chanel-uma-mulher-de-outro-seculo\/&amp;layout=standard&amp;show_faces=1&amp;width=450&amp;action=like&amp;colorscheme=light&amp;font=\" scrolling=\"no\" frameborder=\"0\" style=\"border:none; overflow:hidden; width:450px; height:60px\"><\/iframe>","protected":false},"excerpt":{"rendered":"<p>&#8220;Quem cedo madruga passa o dia com sono.&#8221;..meu caso no dia de hoje&#8230;.fui dormir a meia noite de ontem (cedo para mim), acordei as 5 &#8230;(n\u00e3o posso dormir cedo&#8230;), sa\u00ed as 8&#8230;&#8230;as 10hs estava come\u00e7ando a ver o premier da Coco Chanel no Artplex do Frei Caneca&#8230;.as 12:15 hs quase [&hellip;]<\/p>\n","protected":false},"author":3,"featured_media":0,"comment_status":"open","ping_status":"open","sticky":false,"template":"","format":"standard","meta":{"footnotes":""},"categories":[40],"tags":[433,434,13],"class_list":["post-208","post","type-post","status-publish","format-standard","hentry","category-culturamodabelezabem-estar","tag-artplex-do-frei-caneca","tag-coco-chanel","tag-filme"],"_links":{"self":[{"href":"http:\/\/www.girosgourmet.com.br\/index.php\/wp-json\/wp\/v2\/posts\/208","targetHints":{"allow":["GET"]}}],"collection":[{"href":"http:\/\/www.girosgourmet.com.br\/index.php\/wp-json\/wp\/v2\/posts"}],"about":[{"href":"http:\/\/www.girosgourmet.com.br\/index.php\/wp-json\/wp\/v2\/types\/post"}],"author":[{"embeddable":true,"href":"http:\/\/www.girosgourmet.com.br\/index.php\/wp-json\/wp\/v2\/users\/3"}],"replies":[{"embeddable":true,"href":"http:\/\/www.girosgourmet.com.br\/index.php\/wp-json\/wp\/v2\/comments?post=208"}],"version-history":[{"count":9,"href":"http:\/\/www.girosgourmet.com.br\/index.php\/wp-json\/wp\/v2\/posts\/208\/revisions"}],"predecessor-version":[{"id":211,"href":"http:\/\/www.girosgourmet.com.br\/index.php\/wp-json\/wp\/v2\/posts\/208\/revisions\/211"}],"wp:attachment":[{"href":"http:\/\/www.girosgourmet.com.br\/index.php\/wp-json\/wp\/v2\/media?parent=208"}],"wp:term":[{"taxonomy":"category","embeddable":true,"href":"http:\/\/www.girosgourmet.com.br\/index.php\/wp-json\/wp\/v2\/categories?post=208"},{"taxonomy":"post_tag","embeddable":true,"href":"http:\/\/www.girosgourmet.com.br\/index.php\/wp-json\/wp\/v2\/tags?post=208"}],"curies":[{"name":"wp","href":"https:\/\/api.w.org\/{rel}","templated":true}]}}