{"id":2072,"date":"2011-05-24T15:45:17","date_gmt":"2011-05-24T18:45:17","guid":{"rendered":"http:\/\/www.closetonline.com.br\/blogcarla\/?p=2072"},"modified":"2011-05-29T18:49:58","modified_gmt":"2011-05-29T21:49:58","slug":"vida-fashion-carioca","status":"publish","type":"post","link":"http:\/\/www.girosgourmet.com.br\/index.php\/vida-fashion-carioca\/","title":{"rendered":"Vida Fashion Carioca&#8230;&#8230;"},"content":{"rendered":"<p style=\"text-align: justify;\">Queridos, estou em terras cariocas, vir para c\u00e1 \u00e9 sempre uma delicia, principalmente nesta \u00e9poca do ano&#8230;.quando o calor \u00e9 mais ameno e as noites s\u00e3o\u00a0mais fresquinhas&#8230;..reencontrar os amigos sempre \u00e9 um grande\u00a0prazer&#8230;..\u201dtrombar com Paul Mc Cartney\u201d na sa\u00edda do Copa uma agrad\u00e1vel surpresa&#8230;&#8230;<\/p>\n<p style=\"text-align: justify;\">Mas todos sabem o verdadeiro motivo da minha vinda ao RJ&#8230;..ontem a noite come\u00e7ou \u201cA nossa batalha fashio carioca\u201d, mais de 50 desfiles em 2 semanas&#8230;.ufa! Aja est\u00edmulo para tantos debates sobre o mercado de moda, a economia criativa, a valoriza\u00e7\u00e3o dos produtos brasileiros, novas tend\u00eancias..etc&#8230;etc&#8230;..E qual a vantagem de um di\u00e1logo puramente fashion por 2 semanas? Hahahahaha&#8230;&#8230;.n\u00e3o se tem muito tempo para pensar em outras possibilidades da vida&#8230;.o que neste momento, no meu caso pode ser bom! rs<\/p>\n<p style=\"text-align: justify;\">Nas Semanas de Moda voc\u00ea meio que vira doutora em traduzir gestos, novas id\u00e9ias e atitudes incomuns&#8230;&#8230;aqui voc\u00ea se transforma em uma consumista nada vegetariana e cede \u00e0s muitas tenta\u00e7\u00f5es&#8230;..As novas propostas da Moda faz com que eu me derreta e me entregue! Afinal estilo \u00e9 algo atemporal e ao mesmo tempo vari\u00e1vel&#8230;transform\u00e1vel, algo que evolui com voc\u00ea!<\/p>\n<p style=\"text-align: justify;\">Enfim aqui eu venho atr\u00e1s de inspira\u00e7\u00e3o para entender mais a moda e a minha pr\u00f3pria beleza&#8230;hahahaha&#8230;.. e n\u00e3o as copia\u00e7\u00f5es vergonhosas que infelizmente a gente tem que se esbarrar por a\u00ed&#8230;&#8230; Em resumo&#8230;Eu n\u00e3o resisto a uma espiadela nos back stages das marcas&#8230;&#8230;.e Viva o Calend\u00e1rio de Moda Brasileiro&#8230;..rs&#8230;.a maratona come\u00e7ou e salve-se os bons!<\/p>\n<p>Beijos<\/p>\n<p style=\"text-align: center;\"><a href=\"http:\/\/www.closetonline.com.br\/blogcarla\/wp-content\/uploads\/2011\/05\/espuma.jpg\"><img loading=\"lazy\" decoding=\"async\" class=\"alignnone size-medium wp-image-2075\" title=\"_espuma\" src=\"http:\/\/www.closetonline.com.br\/blogcarla\/wp-content\/uploads\/2011\/05\/espuma-300x300.jpg\" alt=\"\" width=\"300\" height=\"300\" srcset=\"http:\/\/www.girosgourmet.com.br\/wp-content\/uploads\/2011\/05\/espuma-300x300.jpg 300w, http:\/\/www.girosgourmet.com.br\/wp-content\/uploads\/2011\/05\/espuma-150x150.jpg 150w, http:\/\/www.girosgourmet.com.br\/wp-content\/uploads\/2011\/05\/espuma.jpg 612w\" sizes=\"auto, (max-width: 300px) 100vw, 300px\" \/><\/a><\/p>\n<iframe src=\"http:\/\/www.facebook.com\/plugins\/like.php?href=http:\/\/www.girosgourmet.com.br\/index.php\/vida-fashion-carioca\/&amp;layout=standard&amp;show_faces=1&amp;width=450&amp;action=like&amp;colorscheme=light&amp;font=\" scrolling=\"no\" frameborder=\"0\" style=\"border:none; overflow:hidden; width:450px; height:60px\"><\/iframe>","protected":false},"excerpt":{"rendered":"<p>Queridos, estou em terras cariocas, vir para c\u00e1 \u00e9 sempre uma delicia, principalmente nesta \u00e9poca do ano&#8230;.quando o calor \u00e9 mais ameno e as noites s\u00e3o\u00a0mais fresquinhas&#8230;..reencontrar os amigos sempre \u00e9 um grande\u00a0prazer&#8230;..\u201dtrombar com Paul Mc Cartney\u201d na sa\u00edda do Copa uma agrad\u00e1vel surpresa&#8230;&#8230; Mas todos sabem o verdadeiro motivo [&hellip;]<\/p>\n","protected":false},"author":3,"featured_media":0,"comment_status":"open","ping_status":"open","sticky":false,"template":"","format":"standard","meta":{"footnotes":""},"categories":[41],"tags":[111,7],"class_list":["post-2072","post","type-post","status-publish","format-standard","hentry","category-viagens","tag-rio-de-janeiro","tag-semana-de-moda"],"_links":{"self":[{"href":"http:\/\/www.girosgourmet.com.br\/index.php\/wp-json\/wp\/v2\/posts\/2072","targetHints":{"allow":["GET"]}}],"collection":[{"href":"http:\/\/www.girosgourmet.com.br\/index.php\/wp-json\/wp\/v2\/posts"}],"about":[{"href":"http:\/\/www.girosgourmet.com.br\/index.php\/wp-json\/wp\/v2\/types\/post"}],"author":[{"embeddable":true,"href":"http:\/\/www.girosgourmet.com.br\/index.php\/wp-json\/wp\/v2\/users\/3"}],"replies":[{"embeddable":true,"href":"http:\/\/www.girosgourmet.com.br\/index.php\/wp-json\/wp\/v2\/comments?post=2072"}],"version-history":[{"count":5,"href":"http:\/\/www.girosgourmet.com.br\/index.php\/wp-json\/wp\/v2\/posts\/2072\/revisions"}],"predecessor-version":[{"id":2093,"href":"http:\/\/www.girosgourmet.com.br\/index.php\/wp-json\/wp\/v2\/posts\/2072\/revisions\/2093"}],"wp:attachment":[{"href":"http:\/\/www.girosgourmet.com.br\/index.php\/wp-json\/wp\/v2\/media?parent=2072"}],"wp:term":[{"taxonomy":"category","embeddable":true,"href":"http:\/\/www.girosgourmet.com.br\/index.php\/wp-json\/wp\/v2\/categories?post=2072"},{"taxonomy":"post_tag","embeddable":true,"href":"http:\/\/www.girosgourmet.com.br\/index.php\/wp-json\/wp\/v2\/tags?post=2072"}],"curies":[{"name":"wp","href":"https:\/\/api.w.org\/{rel}","templated":true}]}}