{"id":2050,"date":"2011-05-17T16:30:22","date_gmt":"2011-05-17T19:30:22","guid":{"rendered":"http:\/\/www.closetonline.com.br\/blogcarla\/?p=2050"},"modified":"2011-05-17T16:30:22","modified_gmt":"2011-05-17T19:30:22","slug":"dica-cultural-exposicao-de-guy-bourdin-em-porto-alegre","status":"publish","type":"post","link":"http:\/\/www.girosgourmet.com.br\/index.php\/dica-cultural-exposicao-de-guy-bourdin-em-porto-alegre\/","title":{"rendered":"Dica Cultural: Exposi\u00e7\u00e3o de Guy Bourdin em Porto Alegre"},"content":{"rendered":"<p style=\"text-align: justify;\">Todo mundo sabe eu amo exposi\u00e7\u00e3o fotogr\u00e1fica&#8230;&#8230;n\u00e3o perco uma e quando se trata do franc\u00eas \u00a0Guy Bourdin para mim \u00e9 apenas mais um motivo de empolga\u00e7\u00e3o&#8230;.j\u00e1 tinha visto aqui em SP em 2009&#8230;.e agora os ga\u00fachos que t\u00eam esta chance de ver alguns dos trabalhos mais incr\u00edveis deste g\u00eanio da arte!<\/p>\n<p style=\"text-align: center;\"><a href=\"http:\/\/www.closetonline.com.br\/blogcarla\/wp-content\/uploads\/2011\/05\/guy1.jpg\"><img loading=\"lazy\" decoding=\"async\" class=\"alignnone size-medium wp-image-2052\" title=\"_guy\" src=\"http:\/\/www.closetonline.com.br\/blogcarla\/wp-content\/uploads\/2011\/05\/guy1-300x200.jpg\" alt=\"\" width=\"300\" height=\"200\" srcset=\"http:\/\/www.girosgourmet.com.br\/wp-content\/uploads\/2011\/05\/guy1-300x200.jpg 300w, http:\/\/www.girosgourmet.com.br\/wp-content\/uploads\/2011\/05\/guy1-150x100.jpg 150w, http:\/\/www.girosgourmet.com.br\/wp-content\/uploads\/2011\/05\/guy1.jpg 448w\" sizes=\"auto, (max-width: 300px) 100vw, 300px\" \/><\/a><\/p>\n<p style=\"text-align: justify;\">A mostra traz filmes, imagens e editoriais produzidos pelo franc\u00eas, que trabalhou para revistas como Vogue e Harper\u2019s Bazaar, entre as d\u00e9cadas de 1950 e 1990. E ta rolando na Casa de Cultura Mario Quintana at\u00e9 o dia 10 de junho, em Porto Alegre (RS).<\/p>\n<p style=\"text-align: justify;\">Recomendo porque o cara simplesmente \u00e9 o m\u00e1ximo!!! Sua contribui\u00e7\u00e3o art\u00edstica para a moda s\u00e3o milhares; Bourdin apimentava os editoriais da Vogue, tencionava as imagens com apelos er\u00f3ticos, eventualmente buc\u00f3licos e com uma estranheza que hipnotiza a gente\u2026luxo, glamour, viol\u00eancia, suspense\u2026.<\/p>\n<p style=\"text-align: center;\"><a href=\"http:\/\/www.closetonline.com.br\/blogcarla\/wp-content\/uploads\/2011\/05\/guy-bourdin-24.jpg\"><img loading=\"lazy\" decoding=\"async\" class=\"alignnone size-medium wp-image-2053\" title=\"_guy-bourdin-24\" src=\"http:\/\/www.closetonline.com.br\/blogcarla\/wp-content\/uploads\/2011\/05\/guy-bourdin-24-300x202.jpg\" alt=\"\" width=\"300\" height=\"202\" srcset=\"http:\/\/www.girosgourmet.com.br\/wp-content\/uploads\/2011\/05\/guy-bourdin-24-300x202.jpg 300w, http:\/\/www.girosgourmet.com.br\/wp-content\/uploads\/2011\/05\/guy-bourdin-24-150x101.jpg 150w, http:\/\/www.girosgourmet.com.br\/wp-content\/uploads\/2011\/05\/guy-bourdin-24.jpg 500w\" sizes=\"auto, (max-width: 300px) 100vw, 300px\" \/><\/a><\/p>\n<p>O melhor de tudo \u00e9 que a entrada \u00e9 super free! Corre ga\u00fachada&#8230;.passeio imperd\u00edvel e a cultura agredece!<\/p>\n<iframe src=\"http:\/\/www.facebook.com\/plugins\/like.php?href=http:\/\/www.girosgourmet.com.br\/index.php\/dica-cultural-exposicao-de-guy-bourdin-em-porto-alegre\/&amp;layout=standard&amp;show_faces=1&amp;width=450&amp;action=like&amp;colorscheme=light&amp;font=\" scrolling=\"no\" frameborder=\"0\" style=\"border:none; overflow:hidden; width:450px; height:60px\"><\/iframe>","protected":false},"excerpt":{"rendered":"<p>Todo mundo sabe eu amo exposi\u00e7\u00e3o fotogr\u00e1fica&#8230;&#8230;n\u00e3o perco uma e quando se trata do franc\u00eas \u00a0Guy Bourdin para mim \u00e9 apenas mais um motivo de empolga\u00e7\u00e3o&#8230;.j\u00e1 tinha visto aqui em SP em 2009&#8230;.e agora os ga\u00fachos que t\u00eam esta chance de ver alguns dos trabalhos mais incr\u00edveis deste g\u00eanio da [&hellip;]<\/p>\n","protected":false},"author":3,"featured_media":0,"comment_status":"open","ping_status":"open","sticky":false,"template":"","format":"standard","meta":{"footnotes":""},"categories":[40],"tags":[26,239,59],"class_list":["post-2050","post","type-post","status-publish","format-standard","hentry","category-culturamodabelezabem-estar","tag-exposicao","tag-guy-bourdin","tag-imagens"],"_links":{"self":[{"href":"http:\/\/www.girosgourmet.com.br\/index.php\/wp-json\/wp\/v2\/posts\/2050","targetHints":{"allow":["GET"]}}],"collection":[{"href":"http:\/\/www.girosgourmet.com.br\/index.php\/wp-json\/wp\/v2\/posts"}],"about":[{"href":"http:\/\/www.girosgourmet.com.br\/index.php\/wp-json\/wp\/v2\/types\/post"}],"author":[{"embeddable":true,"href":"http:\/\/www.girosgourmet.com.br\/index.php\/wp-json\/wp\/v2\/users\/3"}],"replies":[{"embeddable":true,"href":"http:\/\/www.girosgourmet.com.br\/index.php\/wp-json\/wp\/v2\/comments?post=2050"}],"version-history":[{"count":1,"href":"http:\/\/www.girosgourmet.com.br\/index.php\/wp-json\/wp\/v2\/posts\/2050\/revisions"}],"predecessor-version":[{"id":2054,"href":"http:\/\/www.girosgourmet.com.br\/index.php\/wp-json\/wp\/v2\/posts\/2050\/revisions\/2054"}],"wp:attachment":[{"href":"http:\/\/www.girosgourmet.com.br\/index.php\/wp-json\/wp\/v2\/media?parent=2050"}],"wp:term":[{"taxonomy":"category","embeddable":true,"href":"http:\/\/www.girosgourmet.com.br\/index.php\/wp-json\/wp\/v2\/categories?post=2050"},{"taxonomy":"post_tag","embeddable":true,"href":"http:\/\/www.girosgourmet.com.br\/index.php\/wp-json\/wp\/v2\/tags?post=2050"}],"curies":[{"name":"wp","href":"https:\/\/api.w.org\/{rel}","templated":true}]}}