{"id":195,"date":"2009-08-17T14:21:43","date_gmt":"2009-08-17T17:21:43","guid":{"rendered":"http:\/\/www.closetonline.com.br\/blogcarla\/?p=195"},"modified":"2011-10-21T15:05:01","modified_gmt":"2011-10-21T18:05:01","slug":"mostra-speed-de-guy-bourdin-em-sp-corra","status":"publish","type":"post","link":"http:\/\/www.girosgourmet.com.br\/index.php\/mostra-speed-de-guy-bourdin-em-sp-corra\/","title":{"rendered":"Dica Cultural: Mostra \u201cSpeed\u201d de Guy Bourdin em SP"},"content":{"rendered":"<p style=\"text-align: justify;\">\u00c9 assim&#8230;quem gosta de fotografia, quem gosta de Moda&#8230;.e que gosta da jun\u00e7\u00e3o das duas manifesta\u00e7\u00f5es, com toques de erotismo, surrealismo e mais alguns ismos&#8230;tem que ir ver a Mostra do fotografo franc\u00eas Guy Bourdin \u201cA message for you\u201d&#8230;.O cara simplesmente \u00e9 o m\u00e1ximo!!!<\/p>\n<p style=\"text-align: justify;\">Sua contribui\u00e7\u00e3o art\u00edstica para a moda s\u00e3o milhares; o cara simplesmente (de novo&#8230;hehehehe) apimentava os editoriais da Vogue (ficou por l\u00e1 durante 30 anos), tencionava as imagens com apelos er\u00f3ticos, eventualmente buc\u00f3licos e com uma estranheza que hipnotiza a gente&#8230;luxo, glamour, viol\u00eancia, suspense&#8230;.t\u00eam de tudo e para todos os gostos duvidosos&#8230;.A mostra faz parte do projeto Iguatemi Photo Series, com curadoria de Chico Lowndes e ta rolando no MuBE, em S\u00e3o Paulo (Sure!), entre os dias 14 e 31 de agosto de 2009&#8230;Portanto galera, corre porque est\u00e1 de passagem muito speed&#8230;.\u00e9 aquela velha hist\u00f3ria \u201c Coisa boa passa r\u00e1pido\u201d&#8230;dica dada, portanto consci\u00eancia tranq\u00fcila&#8230;.risos&#8230;.Beij\u00e3o&#8230;.e lembre-se: nunca fique em cima do muro; tome sempre uma posi\u00e7\u00e3o, seja qual for ela!<\/p>\n<p style=\"text-align: center;\"><a href=\"http:\/\/www.closetonline.com.br\/blogcarla\/wp-content\/uploads\/2009\/08\/guy-bourdin-16.jpg\"><img loading=\"lazy\" decoding=\"async\" class=\"size-medium wp-image-2554 aligncenter\" title=\"_guy-bourdin-16\" src=\"http:\/\/www.closetonline.com.br\/blogcarla\/wp-content\/uploads\/2009\/08\/guy-bourdin-16-300x197.jpg\" alt=\"\" width=\"300\" height=\"197\" srcset=\"http:\/\/www.girosgourmet.com.br\/wp-content\/uploads\/2009\/08\/guy-bourdin-16-300x197.jpg 300w, http:\/\/www.girosgourmet.com.br\/wp-content\/uploads\/2009\/08\/guy-bourdin-16-150x98.jpg 150w, http:\/\/www.girosgourmet.com.br\/wp-content\/uploads\/2009\/08\/guy-bourdin-16.jpg 513w\" sizes=\"auto, (max-width: 300px) 100vw, 300px\" \/><\/a><a href=\"http:\/\/www.closetonline.com.br\/blogcarla\/wp-content\/uploads\/2010\/05\/38.jpg\"><\/a><\/p>\n<iframe src=\"http:\/\/www.facebook.com\/plugins\/like.php?href=http:\/\/www.girosgourmet.com.br\/index.php\/mostra-speed-de-guy-bourdin-em-sp-corra\/&amp;layout=standard&amp;show_faces=1&amp;width=450&amp;action=like&amp;colorscheme=light&amp;font=\" scrolling=\"no\" frameborder=\"0\" style=\"border:none; overflow:hidden; width:450px; height:60px\"><\/iframe>","protected":false},"excerpt":{"rendered":"<p>\u00c9 assim&#8230;quem gosta de fotografia, quem gosta de Moda&#8230;.e que gosta da jun\u00e7\u00e3o das duas manifesta\u00e7\u00f5es, com toques de erotismo, surrealismo e mais alguns ismos&#8230;tem que ir ver a Mostra do fotografo franc\u00eas Guy Bourdin \u201cA message for you\u201d&#8230;.O cara simplesmente \u00e9 o m\u00e1ximo!!! Sua contribui\u00e7\u00e3o art\u00edstica para a moda [&hellip;]<\/p>\n","protected":false},"author":3,"featured_media":0,"comment_status":"open","ping_status":"open","sticky":false,"template":"","format":"standard","meta":{"footnotes":""},"categories":[40],"tags":[444,239,446,445],"class_list":["post-195","post","type-post","status-publish","format-standard","hentry","category-culturamodabelezabem-estar","tag-a-message-for-you","tag-guy-bourdin","tag-mube","tag-vogue"],"_links":{"self":[{"href":"http:\/\/www.girosgourmet.com.br\/index.php\/wp-json\/wp\/v2\/posts\/195","targetHints":{"allow":["GET"]}}],"collection":[{"href":"http:\/\/www.girosgourmet.com.br\/index.php\/wp-json\/wp\/v2\/posts"}],"about":[{"href":"http:\/\/www.girosgourmet.com.br\/index.php\/wp-json\/wp\/v2\/types\/post"}],"author":[{"embeddable":true,"href":"http:\/\/www.girosgourmet.com.br\/index.php\/wp-json\/wp\/v2\/users\/3"}],"replies":[{"embeddable":true,"href":"http:\/\/www.girosgourmet.com.br\/index.php\/wp-json\/wp\/v2\/comments?post=195"}],"version-history":[{"count":5,"href":"http:\/\/www.girosgourmet.com.br\/index.php\/wp-json\/wp\/v2\/posts\/195\/revisions"}],"predecessor-version":[{"id":2707,"href":"http:\/\/www.girosgourmet.com.br\/index.php\/wp-json\/wp\/v2\/posts\/195\/revisions\/2707"}],"wp:attachment":[{"href":"http:\/\/www.girosgourmet.com.br\/index.php\/wp-json\/wp\/v2\/media?parent=195"}],"wp:term":[{"taxonomy":"category","embeddable":true,"href":"http:\/\/www.girosgourmet.com.br\/index.php\/wp-json\/wp\/v2\/categories?post=195"},{"taxonomy":"post_tag","embeddable":true,"href":"http:\/\/www.girosgourmet.com.br\/index.php\/wp-json\/wp\/v2\/tags?post=195"}],"curies":[{"name":"wp","href":"https:\/\/api.w.org\/{rel}","templated":true}]}}