{"id":1647,"date":"2011-03-07T14:13:10","date_gmt":"2011-03-07T17:13:10","guid":{"rendered":"http:\/\/www.closetonline.com.br\/blogcarla\/?p=1647"},"modified":"2011-03-31T12:16:24","modified_gmt":"2011-03-31T15:16:24","slug":"curiosidades-carnavalescas","status":"publish","type":"post","link":"http:\/\/www.girosgourmet.com.br\/index.php\/curiosidades-carnavalescas\/","title":{"rendered":"Curiosidades carnavalescas&#8230;.."},"content":{"rendered":"<p><a href=\"http:\/\/www.closetonline.com.br\/blogcarla\/wp-content\/uploads\/2011\/03\/banda-de-ipanema.jpg\"><\/a>Gente ap\u00f3s dias ligada totalmente na Internet e na TV&#8230;&#8230;compartilho com voc\u00eas alguns fatos curiosos do carnaval 2011&#8230;..<\/p>\n<p style=\"text-align: justify;\">Adorei a iniciativa do estilista Sergio K para este carnaval&#8230;..ele est\u00e1 distribuindo camisinhas com a \u00a0sua marca em suas lojas e para seus amigos&#8230;..Diz Sergio que \u00e9 preciso refor\u00e7ar a import\u00e2ncia do sexo seguro sempreeeeeeeeee&#8230;&#8230;<\/p>\n<p style=\"text-align: center;\"><a href=\"http:\/\/www.closetonline.com.br\/blogcarla\/wp-content\/uploads\/2011\/03\/SK.jpg\"><img loading=\"lazy\" decoding=\"async\" class=\"alignnone size-medium wp-image-1648\" title=\"_SK\" src=\"http:\/\/www.closetonline.com.br\/blogcarla\/wp-content\/uploads\/2011\/03\/SK-300x161.jpg\" alt=\"\" width=\"300\" height=\"161\" srcset=\"http:\/\/www.girosgourmet.com.br\/wp-content\/uploads\/2011\/03\/SK-300x161.jpg 300w, http:\/\/www.girosgourmet.com.br\/wp-content\/uploads\/2011\/03\/SK-150x80.jpg 150w, http:\/\/www.girosgourmet.com.br\/wp-content\/uploads\/2011\/03\/SK.jpg 640w\" sizes=\"auto, (max-width: 300px) 100vw, 300px\" \/><\/a><\/p>\n<p style=\"text-align: justify;\">Efeitos visuais e toda sorte de perip\u00e9cias levaram a Sapuca\u00ed \u00e0 loucura, no desfile da Unidos da Tijuca, na noite de domingo&#8230;e a comiss\u00e3o de frente foi uma atra\u00e7\u00e3o a parte! Os bailarinos encarnaram zumbi numa esp\u00e9cie de cinema dos horrores, e com truques de ilus\u00e3o, desprendiam a cabe\u00e7a do corpo, e o tronco da cintura&#8230;..Ameiiiiiiiiiiiiiiiiiiii<\/p>\n<p style=\"text-align: center;\"><a href=\"http:\/\/www.closetonline.com.br\/blogcarla\/wp-content\/uploads\/2011\/03\/unidos-tijuca-comissao-frente.jpg\"><img loading=\"lazy\" decoding=\"async\" class=\"alignnone size-medium wp-image-1649\" title=\"_unidos-tijuca-comissao-frente\" src=\"http:\/\/www.closetonline.com.br\/blogcarla\/wp-content\/uploads\/2011\/03\/unidos-tijuca-comissao-frente-300x168.jpg\" alt=\"\" width=\"300\" height=\"168\" srcset=\"http:\/\/www.girosgourmet.com.br\/wp-content\/uploads\/2011\/03\/unidos-tijuca-comissao-frente-300x168.jpg 300w, http:\/\/www.girosgourmet.com.br\/wp-content\/uploads\/2011\/03\/unidos-tijuca-comissao-frente-150x84.jpg 150w, http:\/\/www.girosgourmet.com.br\/wp-content\/uploads\/2011\/03\/unidos-tijuca-comissao-frente.jpg 640w\" sizes=\"auto, (max-width: 300px) 100vw, 300px\" \/><\/a><\/p>\n<p style=\"text-align: justify;\">Adorei a fantasia de Adriane Galisteu&#8230;.simples e dava a falsa impress\u00e3o de que a rainha da bateria estava nua. De longe, o macac\u00e3o cor de pele usado tem apenas pontos brilhantes. Na cabe\u00e7a um adere\u00e7o que lembrava medusa&#8230;.Adorei!<\/p>\n<p style=\"text-align: center;\"><a href=\"http:\/\/www.closetonline.com.br\/blogcarla\/wp-content\/uploads\/2011\/03\/adriane-galistei-2.jpg\"><img loading=\"lazy\" decoding=\"async\" class=\"alignnone size-medium wp-image-1650\" title=\"_adriane-galistei-2\" src=\"http:\/\/www.closetonline.com.br\/blogcarla\/wp-content\/uploads\/2011\/03\/adriane-galistei-2-173x300.jpg\" alt=\"\" width=\"173\" height=\"300\" srcset=\"http:\/\/www.girosgourmet.com.br\/wp-content\/uploads\/2011\/03\/adriane-galistei-2-173x300.jpg 173w, http:\/\/www.girosgourmet.com.br\/wp-content\/uploads\/2011\/03\/adriane-galistei-2-86x150.jpg 86w, http:\/\/www.girosgourmet.com.br\/wp-content\/uploads\/2011\/03\/adriane-galistei-2.jpg 231w\" sizes=\"auto, (max-width: 173px) 100vw, 173px\" \/><\/a><\/p>\n<p style=\"text-align: justify;\">Longa vida aos blocos de carnaval&#8230;..de tudo que eu vejo na TV durante os dias de folia&#8230;.\u00e9 nas bandinhas de bairro que se v\u00ea o que se tem de mais democr\u00e1tico e divertido&#8230;..a banda de Ipanema por exemplo naquele colorido esplendoroso e sofisticado&#8230;gosto das bandas, porque nesta concentra\u00e7\u00e3o ningu\u00e9m pensa em grana&#8230;..nem de patroc\u00ednio&#8230;o lance apenas \u00e9 sair cantando e dan\u00e7ando&#8230;..<\/p>\n<p style=\"text-align: center;\"><a href=\"http:\/\/www.closetonline.com.br\/blogcarla\/wp-content\/uploads\/2011\/03\/banda-de-ipanema1.jpg\"><img loading=\"lazy\" decoding=\"async\" class=\"alignnone size-medium wp-image-1652\" title=\"_banda-de-ipanema\" src=\"http:\/\/www.closetonline.com.br\/blogcarla\/wp-content\/uploads\/2011\/03\/banda-de-ipanema1-300x191.jpg\" alt=\"\" width=\"300\" height=\"191\" srcset=\"http:\/\/www.girosgourmet.com.br\/wp-content\/uploads\/2011\/03\/banda-de-ipanema1-300x191.jpg 300w, http:\/\/www.girosgourmet.com.br\/wp-content\/uploads\/2011\/03\/banda-de-ipanema1-150x95.jpg 150w, http:\/\/www.girosgourmet.com.br\/wp-content\/uploads\/2011\/03\/banda-de-ipanema1.jpg 483w\" sizes=\"auto, (max-width: 300px) 100vw, 300px\" \/><\/a><\/p>\n<p style=\"text-align: justify;\">Agora vamos para o avesso&#8230;..bloco de sertanejo estreando no carnaval de Salvador? Whyyyyyyyyyyyyy???? Definitivamente o estilo musical foje e muito dos padr\u00f5es carnavalescos&#8230;por favor n\u00e3o confundam&#8230;.e mesmo que n\u00e3o quebrem o clima animado da galera&#8230;&#8230;n\u00e3o vamos motiva-los a se espalhar pelo Brasil&#8230;.rs&#8230;recado dado!<\/p>\n<p style=\"text-align: center;\"><a href=\"http:\/\/www.closetonline.com.br\/blogcarla\/wp-content\/uploads\/2011\/03\/trio-eletrico-salvador.jpg\"><img loading=\"lazy\" decoding=\"async\" class=\"alignnone size-medium wp-image-1653\" title=\"_trio-eletrico-salvador\" src=\"http:\/\/www.closetonline.com.br\/blogcarla\/wp-content\/uploads\/2011\/03\/trio-eletrico-salvador-225x300.jpg\" alt=\"\" width=\"225\" height=\"300\" srcset=\"http:\/\/www.girosgourmet.com.br\/wp-content\/uploads\/2011\/03\/trio-eletrico-salvador-225x300.jpg 225w, http:\/\/www.girosgourmet.com.br\/wp-content\/uploads\/2011\/03\/trio-eletrico-salvador-112x150.jpg 112w, http:\/\/www.girosgourmet.com.br\/wp-content\/uploads\/2011\/03\/trio-eletrico-salvador.jpg 375w\" sizes=\"auto, (max-width: 225px) 100vw, 225px\" \/><\/a><\/p>\n<p style=\"text-align: justify;\">Adorei saber que o ator brit\u00e2nico Jude Law est\u00e1 no Brasil&#8230;.o fora como sempre foi da nossa querid\u00edssima Hebe Carmargo que foi l\u00e1 e deu seu famoso selinho&#8230;.a pergunta \u00e9 quando ela vai parar com isso? RS<\/p>\n<p style=\"text-align: center;\"><a href=\"http:\/\/www.closetonline.com.br\/blogcarla\/wp-content\/uploads\/2011\/03\/jude-law.jpg\"><img loading=\"lazy\" decoding=\"async\" class=\"alignnone size-medium wp-image-1654\" title=\"_jude law\" src=\"http:\/\/www.closetonline.com.br\/blogcarla\/wp-content\/uploads\/2011\/03\/jude-law-300x199.jpg\" alt=\"\" width=\"300\" height=\"199\" srcset=\"http:\/\/www.girosgourmet.com.br\/wp-content\/uploads\/2011\/03\/jude-law-300x199.jpg 300w, http:\/\/www.girosgourmet.com.br\/wp-content\/uploads\/2011\/03\/jude-law-150x99.jpg 150w, http:\/\/www.girosgourmet.com.br\/wp-content\/uploads\/2011\/03\/jude-law.jpg 530w\" sizes=\"auto, (max-width: 300px) 100vw, 300px\" \/><\/a><\/p>\n<p>Ainda estamos na metade da maratona&#8230;.aproveitem! beijos<\/p>\n<iframe src=\"http:\/\/www.facebook.com\/plugins\/like.php?href=http:\/\/www.girosgourmet.com.br\/index.php\/curiosidades-carnavalescas\/&amp;layout=standard&amp;show_faces=1&amp;width=450&amp;action=like&amp;colorscheme=light&amp;font=\" scrolling=\"no\" frameborder=\"0\" style=\"border:none; overflow:hidden; width:450px; height:60px\"><\/iframe>","protected":false},"excerpt":{"rendered":"<p>Gente ap\u00f3s dias ligada totalmente na Internet e na TV&#8230;&#8230;compartilho com voc\u00eas alguns fatos curiosos do carnaval 2011&#8230;.. Adorei a iniciativa do estilista Sergio K para este carnaval&#8230;..ele est\u00e1 distribuindo camisinhas com a \u00a0sua marca em suas lojas e para seus amigos&#8230;..Diz Sergio que \u00e9 preciso refor\u00e7ar a import\u00e2ncia do [&hellip;]<\/p>\n","protected":false},"author":3,"featured_media":0,"comment_status":"open","ping_status":"open","sticky":false,"template":"","format":"standard","meta":{"footnotes":""},"categories":[39],"tags":[50,51,30,52,53],"class_list":["post-1647","post","type-post","status-publish","format-standard","hentry","category-gastronomia","tag-adriane-galisteu","tag-banda-de-ipanema","tag-carnaval","tag-sergio-k","tag-unidos-da-tijuca"],"_links":{"self":[{"href":"http:\/\/www.girosgourmet.com.br\/index.php\/wp-json\/wp\/v2\/posts\/1647","targetHints":{"allow":["GET"]}}],"collection":[{"href":"http:\/\/www.girosgourmet.com.br\/index.php\/wp-json\/wp\/v2\/posts"}],"about":[{"href":"http:\/\/www.girosgourmet.com.br\/index.php\/wp-json\/wp\/v2\/types\/post"}],"author":[{"embeddable":true,"href":"http:\/\/www.girosgourmet.com.br\/index.php\/wp-json\/wp\/v2\/users\/3"}],"replies":[{"embeddable":true,"href":"http:\/\/www.girosgourmet.com.br\/index.php\/wp-json\/wp\/v2\/comments?post=1647"}],"version-history":[{"count":2,"href":"http:\/\/www.girosgourmet.com.br\/index.php\/wp-json\/wp\/v2\/posts\/1647\/revisions"}],"predecessor-version":[{"id":1787,"href":"http:\/\/www.girosgourmet.com.br\/index.php\/wp-json\/wp\/v2\/posts\/1647\/revisions\/1787"}],"wp:attachment":[{"href":"http:\/\/www.girosgourmet.com.br\/index.php\/wp-json\/wp\/v2\/media?parent=1647"}],"wp:term":[{"taxonomy":"category","embeddable":true,"href":"http:\/\/www.girosgourmet.com.br\/index.php\/wp-json\/wp\/v2\/categories?post=1647"},{"taxonomy":"post_tag","embeddable":true,"href":"http:\/\/www.girosgourmet.com.br\/index.php\/wp-json\/wp\/v2\/tags?post=1647"}],"curies":[{"name":"wp","href":"https:\/\/api.w.org\/{rel}","templated":true}]}}