{"id":1636,"date":"2011-03-04T00:03:23","date_gmt":"2011-03-04T03:03:23","guid":{"rendered":"http:\/\/www.closetonline.com.br\/blogcarla\/?p=1636"},"modified":"2011-03-31T12:17:19","modified_gmt":"2011-03-31T15:17:19","slug":"e-ja-e-carnaval","status":"publish","type":"post","link":"http:\/\/www.girosgourmet.com.br\/index.php\/e-ja-e-carnaval\/","title":{"rendered":"E J\u00e1 \u00e9 Carnaval&#8230;&#8230;&#8230;&#8230;.."},"content":{"rendered":"<p style=\"text-align: justify;\">Inicio de mar\u00e7o e mais um carnaval\u00a0prestes a\u00a0come\u00e7ar e hoje&#8230;. pretendo esquentar os tamborins com a amiga D\u00e9bora&#8230;&#8230;.e s\u00f3 pra constar j\u00e1 \u00e9 o 4\u00ba ano que\u00a0estou fugindo (again) do carnaval&#8230;o porque disso? N\u00e3o fa\u00e7o a m\u00ednima\u00a0id\u00e9ia&#8230;&#8230;idade? Momento? Pregui\u00e7a? Fadiga?&#8230;.. Bem eu to cansad\u00e9rrima de saber que as suposi\u00e7\u00f5es acima n\u00e3o combinam \u201cTipo Nunca\u201d com a maior festa popular do pa\u00eds&#8230;Festa que ali\u00e1s\u00a0dura quatro dias&#8230;.hahaha quer dizer&#8230; s\u00f3 se for pra ingl\u00eas ver, porque na realidade esta festan\u00e7a j\u00e1 come\u00e7ou h\u00e1 tempos&#8230;.inclusive os carnavais informais&#8230;.hehehehe&#8230;.se \u00e9 que voc\u00eas me entendem&#8230;.e da\u00ed at\u00e9 chegar a quarta de cinzas&#8230;..e o inicio da quaresma &#8230;hahaha&#8230;tem ch\u00e3o&#8230;..e pela regra do gar\u00e7om depois que este feriad\u00e3o terminar&#8230;.deixemos ele no passado&#8230;em muitos casos \u00e9 melhor assim!! E a frase da m\u00fasica do Chico Buarque\u00a0ca\u00ed bem aqui; \u201cMas \u00e9 carnaval, n\u00e3o me diga mais quem \u00e9 voc\u00ea\/ Amanh\u00e3 tudo volta ao normal (Noite dos Mascarados)<\/p>\n<p style=\"text-align: justify;\">Porque todo mundo tem uma hist\u00f3ria boa pra contar&#8230;.principalmente fim de namoro, noivado, casamento etc&#8230;..Desde j\u00e1, estou aguardando para\u00a0semana que vem, os novos solteiros&#8230;risos&#8230;.Algu\u00e9m aqui j\u00e1 ouviu dizer que\u00a0encontrou o\u00a0amor de sua vida\u00a0em pleno\u00a0carnaval? Eu nuncaaaaaaaaaaaaaa&#8230;.ali\u00e1s sempre ou\u00e7o algo do tipo \u201cEncontrei v\u00e1riosssssssssssssssssss amores\u00a0da minha vida!\u201d Hahahahaha&#8230;.Talvez seja um dos motivos por estar cansada do pula pula animado desta galera carnavalesca&#8230;Any way&#8230;n\u00e3o importa,\u00a0 eu mesma no momento <em>Hype Low Profile<\/em>&#8230;..com certeza verei a minha Escola de Samba favorita passar (Gavi\u00f5es da Fiel em SP, e Beija Flor no RJ); o frevo em Pernambuco; as fantasias de Ivete Zangalo e Daniela Mercury em Salvador (acho super fashion); os blocos de rua e as brincadeiras ao redor deste pa\u00eds que nesta \u00e9poca do ano, \u00e9 pura alegria e alto astral&#8230;.<\/p>\n<p style=\"text-align: justify;\">Enquanto alguns vivem dias dif\u00edceis do outro lado do mundo,\u00a0n\u00f3s aben\u00e7oados brasileiros\u00a0vivemos em clima de amor, paz e alegria!!!! Afinal o melhor carnaval do mundo \u00e9 nosso!! Temos sorte ou n\u00e3o?<\/p>\n<p style=\"text-align: justify;\">Cuidem-se e n\u00e3o desperdicem seu carnaval&#8230;Ahhh e mais um detalhe quando voc\u00ea estiver pra l\u00e1 de Bagd\u00e1 homem inteligente, n\u00e3o grite por ai coisas do tipo \u201cEu te amoooooooo, minha rainha\u201d&#8230;&#8230;Alala\u00f4ooo&#8230;entendeu?<\/p>\n<p style=\"text-align: justify;\">Beijosssssssss<\/p>\n<p style=\"text-align: center;\"><a href=\"http:\/\/www.closetonline.com.br\/blogcarla\/wp-content\/uploads\/2011\/03\/carnaval.jpg\"><img loading=\"lazy\" decoding=\"async\" class=\"alignnone size-medium wp-image-1637\" title=\"_carnaval\" src=\"http:\/\/www.closetonline.com.br\/blogcarla\/wp-content\/uploads\/2011\/03\/carnaval-300x249.jpg\" alt=\"\" width=\"300\" height=\"249\" srcset=\"http:\/\/www.girosgourmet.com.br\/wp-content\/uploads\/2011\/03\/carnaval-300x249.jpg 300w, http:\/\/www.girosgourmet.com.br\/wp-content\/uploads\/2011\/03\/carnaval-150x124.jpg 150w, http:\/\/www.girosgourmet.com.br\/wp-content\/uploads\/2011\/03\/carnaval.jpg 495w\" sizes=\"auto, (max-width: 300px) 100vw, 300px\" \/><\/a><\/p>\n<p style=\"text-align: justify;\">\u00a0<\/p>\n<iframe src=\"http:\/\/www.facebook.com\/plugins\/like.php?href=http:\/\/www.girosgourmet.com.br\/index.php\/e-ja-e-carnaval\/&amp;layout=standard&amp;show_faces=1&amp;width=450&amp;action=like&amp;colorscheme=light&amp;font=\" scrolling=\"no\" frameborder=\"0\" style=\"border:none; overflow:hidden; width:450px; height:60px\"><\/iframe>","protected":false},"excerpt":{"rendered":"<p>Inicio de mar\u00e7o e mais um carnaval\u00a0prestes a\u00a0come\u00e7ar e hoje&#8230;. pretendo esquentar os tamborins com a amiga D\u00e9bora&#8230;&#8230;.e s\u00f3 pra constar j\u00e1 \u00e9 o 4\u00ba ano que\u00a0estou fugindo (again) do carnaval&#8230;o porque disso? N\u00e3o fa\u00e7o a m\u00ednima\u00a0id\u00e9ia&#8230;&#8230;idade? Momento? Pregui\u00e7a? Fadiga?&#8230;.. Bem eu to cansad\u00e9rrima de saber que as suposi\u00e7\u00f5es acima [&hellip;]<\/p>\n","protected":false},"author":3,"featured_media":0,"comment_status":"open","ping_status":"open","sticky":false,"template":"","format":"standard","meta":{"footnotes":""},"categories":[40],"tags":[30,32,31,35,34,33,36],"class_list":["post-1636","post","type-post","status-publish","format-standard","hentry","category-culturamodabelezabem-estar","tag-carnaval","tag-casamento","tag-chico-buarque","tag-daniela-mercury","tag-ivete-zangalo","tag-namoro","tag-salvador"],"_links":{"self":[{"href":"http:\/\/www.girosgourmet.com.br\/index.php\/wp-json\/wp\/v2\/posts\/1636","targetHints":{"allow":["GET"]}}],"collection":[{"href":"http:\/\/www.girosgourmet.com.br\/index.php\/wp-json\/wp\/v2\/posts"}],"about":[{"href":"http:\/\/www.girosgourmet.com.br\/index.php\/wp-json\/wp\/v2\/types\/post"}],"author":[{"embeddable":true,"href":"http:\/\/www.girosgourmet.com.br\/index.php\/wp-json\/wp\/v2\/users\/3"}],"replies":[{"embeddable":true,"href":"http:\/\/www.girosgourmet.com.br\/index.php\/wp-json\/wp\/v2\/comments?post=1636"}],"version-history":[{"count":5,"href":"http:\/\/www.girosgourmet.com.br\/index.php\/wp-json\/wp\/v2\/posts\/1636\/revisions"}],"predecessor-version":[{"id":1789,"href":"http:\/\/www.girosgourmet.com.br\/index.php\/wp-json\/wp\/v2\/posts\/1636\/revisions\/1789"}],"wp:attachment":[{"href":"http:\/\/www.girosgourmet.com.br\/index.php\/wp-json\/wp\/v2\/media?parent=1636"}],"wp:term":[{"taxonomy":"category","embeddable":true,"href":"http:\/\/www.girosgourmet.com.br\/index.php\/wp-json\/wp\/v2\/categories?post=1636"},{"taxonomy":"post_tag","embeddable":true,"href":"http:\/\/www.girosgourmet.com.br\/index.php\/wp-json\/wp\/v2\/tags?post=1636"}],"curies":[{"name":"wp","href":"https:\/\/api.w.org\/{rel}","templated":true}]}}