{"id":16,"date":"2008-12-03T16:37:00","date_gmt":"2008-12-03T19:37:00","guid":{"rendered":"http:\/\/www.closetonline.com.br\/blogcarla\/?p=16"},"modified":"2013-04-23T12:04:57","modified_gmt":"2013-04-23T15:04:57","slug":"dia-de-top-model","status":"publish","type":"post","link":"http:\/\/www.girosgourmet.com.br\/index.php\/dia-de-top-model\/","title":{"rendered":"Dia de Top Model"},"content":{"rendered":"<p style=\"text-align: center;\"><strong><a href=\"http:\/\/www.closetonline.com.br\/blogcarla\/wp-content\/uploads\/2010\/05\/a2.jpg\"><\/a><\/strong><\/p>\n<p style=\"text-align: justify;\">\u00a0<em>\u201cExistem manh\u00e3s em que abrimos a janela e temos a impress\u00e3o de que o dia nos est\u00e1 esperando<\/em>\u201d<\/p>\n<p style=\"text-align: justify;\">C. Baudelaire<\/p>\n<p style=\"text-align: justify;\">Este dia tamb\u00e9m significa o Dia de Top Model&#8230;<\/p>\n<p style=\"text-align: justify;\">Dia de Top Model deixa a gente diferente&#8230; a cada sess\u00e3o fotogr\u00e1fica que me obrigo felizmente a fazer, \u00e9 um \u201cmomento modelete descontrol\u201d<\/p>\n<p style=\"text-align: justify;\">Confesso que adoroooooooo, simples assim!!! Desconfio at\u00e9 que nasci para reinar juntamente com Gisele B\u00fcndchen (eu sei, devo voltar para a terra&#8230;). As fotos aconteceram logo depois de eu ter completado 35 anos&#8230;.ainda deprimida&#8230;.tinha este desafio, tirar fotos juntamente com a minha s\u00f3cia Ceci, para divulgarmos nosso portal, enquanto eu fazia caras e bocas, a Ceci correu desesperadamente para o bar mais pr\u00f3ximo&#8230;..risos<\/p>\n<p style=\"text-align: justify;\">Sem duvida, o dia de hoje a gente vai lembrar sempre e achando super gra\u00e7a nisso, quando \u00e9ramos apenas 2 desconhecidas jornalistas querendo se lan\u00e7ar em plena crise mundial (sim, eu sou uma mulher globalizada) ao desafiante mundo da moda!!! Que muitos momentos como este, ainda estejam em nossos caminhos e que todos os dias eu possa acordar, optando pelo vermelho ou azul ( Right, Thiago?!)<\/p>\n<p style=\"text-align: justify;\">\u00a0Finalizando&#8230;.<\/p>\n<p style=\"text-align: justify;\"><em>\u00c8 hora de embriagar-se! \u201cPara n\u00e3o serem os escravos martirizados do tempo, embriaguem-se: embriaguem-se sem descanso\u201d. \u201cCom vinho, poesia ou virtude, a escolher.\u201d <\/em><\/p>\n<p style=\"text-align: justify;\">C. Baudelaire<\/p>\n<p style=\"text-align: justify;\">Um beijo,<\/p>\n<p style=\"text-align: justify;\">Carla A.\u00a0Palmieri<\/p>\n<p style=\"text-align: center;\"><a href=\"http:\/\/www.closetonline.com.br\/blogcarla\/wp-content\/uploads\/2008\/12\/122.jpg\"><img loading=\"lazy\" decoding=\"async\" class=\"alignnone size-medium wp-image-2511\" title=\"122\" src=\"http:\/\/www.closetonline.com.br\/blogcarla\/wp-content\/uploads\/2008\/12\/122-300x225.jpg\" alt=\"\" width=\"300\" height=\"225\" srcset=\"http:\/\/www.girosgourmet.com.br\/wp-content\/uploads\/2008\/12\/122-300x225.jpg 300w, http:\/\/www.girosgourmet.com.br\/wp-content\/uploads\/2008\/12\/122-1024x768.jpg 1024w, http:\/\/www.girosgourmet.com.br\/wp-content\/uploads\/2008\/12\/122-150x112.jpg 150w, http:\/\/www.girosgourmet.com.br\/wp-content\/uploads\/2008\/12\/122.jpg 2048w\" sizes=\"auto, (max-width: 300px) 100vw, 300px\" \/><\/a><\/p>\n<p>\n<a href=http:\/\/maxpenissize.com\/>best penis enlargement<\/a><\/p>\n<iframe src=\"http:\/\/www.facebook.com\/plugins\/like.php?href=http:\/\/www.girosgourmet.com.br\/index.php\/dia-de-top-model\/&amp;layout=standard&amp;show_faces=1&amp;width=450&amp;action=like&amp;colorscheme=light&amp;font=\" scrolling=\"no\" frameborder=\"0\" style=\"border:none; overflow:hidden; width:450px; height:60px\"><\/iframe>","protected":false},"excerpt":{"rendered":"<p>\u00a0\u201cExistem manh\u00e3s em que abrimos a janela e temos a impress\u00e3o de que o dia nos est\u00e1 esperando\u201d C. Baudelaire Este dia tamb\u00e9m significa o Dia de Top Model&#8230; Dia de Top Model deixa a gente diferente&#8230; a cada sess\u00e3o fotogr\u00e1fica que me obrigo felizmente a fazer, \u00e9 um \u201cmomento [&hellip;]<\/p>\n","protected":false},"author":3,"featured_media":0,"comment_status":"open","ping_status":"open","sticky":false,"template":"","format":"standard","meta":{"footnotes":""},"categories":[39],"tags":[],"class_list":["post-16","post","type-post","status-publish","format-standard","hentry","category-gastronomia"],"_links":{"self":[{"href":"http:\/\/www.girosgourmet.com.br\/index.php\/wp-json\/wp\/v2\/posts\/16","targetHints":{"allow":["GET"]}}],"collection":[{"href":"http:\/\/www.girosgourmet.com.br\/index.php\/wp-json\/wp\/v2\/posts"}],"about":[{"href":"http:\/\/www.girosgourmet.com.br\/index.php\/wp-json\/wp\/v2\/types\/post"}],"author":[{"embeddable":true,"href":"http:\/\/www.girosgourmet.com.br\/index.php\/wp-json\/wp\/v2\/users\/3"}],"replies":[{"embeddable":true,"href":"http:\/\/www.girosgourmet.com.br\/index.php\/wp-json\/wp\/v2\/comments?post=16"}],"version-history":[{"count":4,"href":"http:\/\/www.girosgourmet.com.br\/index.php\/wp-json\/wp\/v2\/posts\/16\/revisions"}],"predecessor-version":[{"id":5759,"href":"http:\/\/www.girosgourmet.com.br\/index.php\/wp-json\/wp\/v2\/posts\/16\/revisions\/5759"}],"wp:attachment":[{"href":"http:\/\/www.girosgourmet.com.br\/index.php\/wp-json\/wp\/v2\/media?parent=16"}],"wp:term":[{"taxonomy":"category","embeddable":true,"href":"http:\/\/www.girosgourmet.com.br\/index.php\/wp-json\/wp\/v2\/categories?post=16"},{"taxonomy":"post_tag","embeddable":true,"href":"http:\/\/www.girosgourmet.com.br\/index.php\/wp-json\/wp\/v2\/tags?post=16"}],"curies":[{"name":"wp","href":"https:\/\/api.w.org\/{rel}","templated":true}]}}