{"id":159,"date":"2009-06-16T13:35:00","date_gmt":"2009-06-16T16:35:00","guid":{"rendered":"http:\/\/www.closetonline.com.br\/blogcarla\/?p=159"},"modified":"2011-10-11T02:23:43","modified_gmt":"2011-10-11T05:23:43","slug":"consideracoes-de-uma-paulistana-em-terras-cariocas-durante-o-fashion-rio","status":"publish","type":"post","link":"http:\/\/www.girosgourmet.com.br\/index.php\/consideracoes-de-uma-paulistana-em-terras-cariocas-durante-o-fashion-rio\/","title":{"rendered":"Fashion Rio: considera\u00e7\u00f5es de uma paulistana em terras cariocas durante o evento."},"content":{"rendered":"<p style=\"text-align: left;\"><a href=\"http:\/\/www.closetonline.com.br\/blogcarla\/wp-content\/uploads\/2010\/05\/a151.bmp\"><img decoding=\"async\" class=\"size-full wp-image-160  aligncenter\" title=\"_a15\" src=\"http:\/\/www.closetonline.com.br\/blogcarla\/wp-content\/uploads\/2010\/05\/a151.bmp\" alt=\"\" \/><\/a><\/p>\n<p style=\"text-align: justify;\">Rec\u00e9m chegada do Rio, depois de uma semana em <em>vibes<\/em> cariocas, muitas hist\u00f3rias para contar, muitas p\u00e9rolas ganhas nesta viagem, a come\u00e7ar pelo conhecimento da exist\u00eancia de uma tal Stefhany do Cross Fox, algu\u00e9m j\u00e1 viu esta figura? Bem, se n\u00e3o viu, recomendo ir correndo ao YouTube, principalmente se estiver meio depr\u00ea&#8230; \u00c9 hil\u00e1rioooooooo, muito mais engra\u00e7ado do que falar mal da Vacas Profanas do mundo, juro!<\/p>\n<p style=\"text-align: justify;\">Rio de Janeiro: um calor agrad\u00e1vel, almo\u00e7o na confeitaria Colombo do Forte de Copacabana, com vista para o mar&#8230; Algumas comprinhas b\u00e1sicas no Gilson Martins, na Farm, um descontrol moment\u00e2neo na Sacada e por fim alguns saqu\u00eas de morango a mais no Sushi Leblon&#8230; E claro, muito Fashion Rio! Sim&#8230; N\u00e3o porque sou paulistana, mas o Sr. \u201cDeus da Moda Brasileiro\u201d, Paulo Borges, deixou aquele P\u00eder Mau\u00e1 fabuloso, super transado, e a vista para a Ba\u00eda de Guanabara, sem coment\u00e1rios, lindaaaaaaa!<\/p>\n<p style=\"text-align: justify;\">Desfiles&#8230; Bem, alguns poucos me agradaram bastante, foi o caso da Juliana Jabour, com um estilo bem Lady look; vestidinhos curtos e fofos&#8230; Um macac\u00e3o fluorescente de arrasar e muitas modelos caindo no ch\u00e3o, foram 3&#8230; Cruz credo&#8230; Precisava ter benzido a passarela antes, juro! Ahhhhhhhhhh Redley&#8230; Tradu\u00e7\u00e3o: Rodrigo Santoro de pertinho. E simmmmmmm, ele \u00e9 lindoooooooooooo&#8230; Maravilhoso&#8230; Um espet\u00e1culo&#8230; Fora isso, adorei as denims com efeitos de grafitismos inesperados e os vestidinhos com silhueta larga em patchwork&#8230; E por fim a moda festa chiqu\u00e9rrimaaa da grife paulista Acqua Studio&#8230; A estilista Ester Balman e o modelista Jairo Bortolli continuam com a parceria em sintonia e afinada, porque os vestidos conceituais criado pela dupla s\u00e3o algo divino&#8230; D\u00e1 vontade de sair correndo e roubar um do back stage&#8230; Bem, do resto tinha de tudo. Alguns globais, pessoal do CQC, socialites emergentes do Rio de Janeiro e, como sempre, muita gente com uma certa falta de estilo&#8230; O que em semana de Moda tudo bem, afinal como \u00e9 dito sempre nos corredores do universo fashion, aqui vale tudo!<\/p>\n<p style=\"text-align: justify;\">Ahhhhhhhh, uma super dica: quem estiver no Rio at\u00e9 inicio de julho n\u00e3o pode perder a mostra de Yves Saint Laurent no CCBB, um espet\u00e1culo!!<\/p>\n<p style=\"text-align: justify;\">Beijo gente&#8230; E vamos nos jogar no SPFW, j\u00e1 t\u00f4 me aquecendo&#8230;<\/p>\n<iframe src=\"http:\/\/www.facebook.com\/plugins\/like.php?href=http:\/\/www.girosgourmet.com.br\/index.php\/consideracoes-de-uma-paulistana-em-terras-cariocas-durante-o-fashion-rio\/&amp;layout=standard&amp;show_faces=1&amp;width=450&amp;action=like&amp;colorscheme=light&amp;font=\" scrolling=\"no\" frameborder=\"0\" style=\"border:none; overflow:hidden; width:450px; height:60px\"><\/iframe>","protected":false},"excerpt":{"rendered":"<p>Rec\u00e9m chegada do Rio, depois de uma semana em vibes cariocas, muitas hist\u00f3rias para contar, muitas p\u00e9rolas ganhas nesta viagem, a come\u00e7ar pelo conhecimento da exist\u00eancia de uma tal Stefhany do Cross Fox, algu\u00e9m j\u00e1 viu esta figura? Bem, se n\u00e3o viu, recomendo ir correndo ao YouTube, principalmente se estiver [&hellip;]<\/p>\n","protected":false},"author":3,"featured_media":0,"comment_status":"open","ping_status":"open","sticky":false,"template":"","format":"standard","meta":{"footnotes":""},"categories":[41],"tags":[117,111],"class_list":["post-159","post","type-post","status-publish","format-standard","hentry","category-viagens","tag-fashion-rio","tag-rio-de-janeiro"],"_links":{"self":[{"href":"http:\/\/www.girosgourmet.com.br\/index.php\/wp-json\/wp\/v2\/posts\/159","targetHints":{"allow":["GET"]}}],"collection":[{"href":"http:\/\/www.girosgourmet.com.br\/index.php\/wp-json\/wp\/v2\/posts"}],"about":[{"href":"http:\/\/www.girosgourmet.com.br\/index.php\/wp-json\/wp\/v2\/types\/post"}],"author":[{"embeddable":true,"href":"http:\/\/www.girosgourmet.com.br\/index.php\/wp-json\/wp\/v2\/users\/3"}],"replies":[{"embeddable":true,"href":"http:\/\/www.girosgourmet.com.br\/index.php\/wp-json\/wp\/v2\/comments?post=159"}],"version-history":[{"count":7,"href":"http:\/\/www.girosgourmet.com.br\/index.php\/wp-json\/wp\/v2\/posts\/159\/revisions"}],"predecessor-version":[{"id":2577,"href":"http:\/\/www.girosgourmet.com.br\/index.php\/wp-json\/wp\/v2\/posts\/159\/revisions\/2577"}],"wp:attachment":[{"href":"http:\/\/www.girosgourmet.com.br\/index.php\/wp-json\/wp\/v2\/media?parent=159"}],"wp:term":[{"taxonomy":"category","embeddable":true,"href":"http:\/\/www.girosgourmet.com.br\/index.php\/wp-json\/wp\/v2\/categories?post=159"},{"taxonomy":"post_tag","embeddable":true,"href":"http:\/\/www.girosgourmet.com.br\/index.php\/wp-json\/wp\/v2\/tags?post=159"}],"curies":[{"name":"wp","href":"https:\/\/api.w.org\/{rel}","templated":true}]}}