{"id":133,"date":"2009-04-23T22:24:58","date_gmt":"2009-04-24T01:24:58","guid":{"rendered":"http:\/\/www.closetonline.com.br\/blogcarla\/?p=133"},"modified":"2011-10-09T22:54:31","modified_gmt":"2011-10-10T01:54:31","slug":"voces-sabiam","status":"publish","type":"post","link":"http:\/\/www.girosgourmet.com.br\/index.php\/voces-sabiam\/","title":{"rendered":"Voc\u00eas sabiam?"},"content":{"rendered":"<p style=\"text-align: justify;\">\u00c9 assim, tava eu \u201cfu\u00e7ando\u201d nos milh\u00f5es de blogs que leio quase que diariamente e li algo muito legal no blog do Alcino Leite Neto (editor de moda da Folha), que provavelmente os apaixonados por poesia e moda v\u00e3o curtir em saber.<\/p>\n<p style=\"text-align: justify;\">Ele revelou (bem, para mim ao menos foi uma verdadeira revela\u00e7\u00e3o) que o poeta franc\u00eas St\u00e9phane Mallarm\u00e9 \u2013 autor de \u201cO Para\u00edso das Damas\u201d \u2013 foi editor em 1874 de um jornal-revista chamado \u201cLa Derni\u00e8re Mode (A \u00faltima Moda). O Jornal teve apenas oito n\u00fameros, a maior parte escrita por Mallarm\u00e9, com pseud\u00f4nimos como Miss Satin, Zizy ou at\u00e9 mesmo Marguerite de Ponty. Neste jornal tinha artigos sobre tend\u00eancias da \u00e9poca, cr\u00f4nicas sobre j\u00f3ias, conselhos sobre etiqueta, pequenos contos, poemas e v\u00e1rias ilustra\u00e7\u00f5es.<\/p>\n<p style=\"text-align: justify;\">A moda deve se sentir orgulhosa por Mallarm\u00e9, um dos maiores poetas que o mundo j\u00e1 presenciou ter se interessado pela Moda e entender a import\u00e2ncia deste segmento. Uma pena que a gente n\u00e3o pode ver nenhum exemplar deste por a\u00ed&#8230;e sorte do Alcino que al\u00e9m de nos \u201calimentar\u201d com esta not\u00edcia maravilhosa, ainda diz sem falsa mod\u00e9stia ter encontrado um exemplar desta revista em um sebo no interior da Fran\u00e7a, que inveja!!!<\/p>\n<p style=\"text-align: justify;\">Beijos Gente!!<\/p>\n<p style=\"text-align: justify;\">E lembrem-se:\u201d Bom humor \u00e9 sinal de intelig\u00eancia\u201d<\/p>\n<p style=\"text-align: center;\"><a href=\"http:\/\/www.closetonline.com.br\/blogcarla\/wp-content\/uploads\/2010\/05\/a26.jpg\"><img loading=\"lazy\" decoding=\"async\" class=\"size-full wp-image-134  aligncenter\" title=\"_a26\" src=\"http:\/\/www.closetonline.com.br\/blogcarla\/wp-content\/uploads\/2010\/05\/a26.jpg\" alt=\"\" width=\"641\" height=\"427\" srcset=\"http:\/\/www.girosgourmet.com.br\/wp-content\/uploads\/2010\/05\/a26.jpg 641w, http:\/\/www.girosgourmet.com.br\/wp-content\/uploads\/2010\/05\/a26-300x199.jpg 300w\" sizes=\"auto, (max-width: 641px) 100vw, 641px\" \/><\/a><\/p>\n<iframe src=\"http:\/\/www.facebook.com\/plugins\/like.php?href=http:\/\/www.girosgourmet.com.br\/index.php\/voces-sabiam\/&amp;layout=standard&amp;show_faces=1&amp;width=450&amp;action=like&amp;colorscheme=light&amp;font=\" scrolling=\"no\" frameborder=\"0\" style=\"border:none; overflow:hidden; width:450px; height:60px\"><\/iframe>","protected":false},"excerpt":{"rendered":"<p>\u00c9 assim, tava eu \u201cfu\u00e7ando\u201d nos milh\u00f5es de blogs que leio quase que diariamente e li algo muito legal no blog do Alcino Leite Neto (editor de moda da Folha), que provavelmente os apaixonados por poesia e moda v\u00e3o curtir em saber. Ele revelou (bem, para mim ao menos foi [&hellip;]<\/p>\n","protected":false},"author":3,"featured_media":0,"comment_status":"open","ping_status":"open","sticky":false,"template":"","format":"standard","meta":{"footnotes":""},"categories":[39],"tags":[408,394,411,410,409],"class_list":["post-133","post","type-post","status-publish","format-standard","hentry","category-gastronomia","tag-alcino-leite-neto","tag-blog","tag-jornal-revista","tag-la-derniere-mode","tag-stephane-mallarme"],"_links":{"self":[{"href":"http:\/\/www.girosgourmet.com.br\/index.php\/wp-json\/wp\/v2\/posts\/133","targetHints":{"allow":["GET"]}}],"collection":[{"href":"http:\/\/www.girosgourmet.com.br\/index.php\/wp-json\/wp\/v2\/posts"}],"about":[{"href":"http:\/\/www.girosgourmet.com.br\/index.php\/wp-json\/wp\/v2\/types\/post"}],"author":[{"embeddable":true,"href":"http:\/\/www.girosgourmet.com.br\/index.php\/wp-json\/wp\/v2\/users\/3"}],"replies":[{"embeddable":true,"href":"http:\/\/www.girosgourmet.com.br\/index.php\/wp-json\/wp\/v2\/comments?post=133"}],"version-history":[{"count":4,"href":"http:\/\/www.girosgourmet.com.br\/index.php\/wp-json\/wp\/v2\/posts\/133\/revisions"}],"predecessor-version":[{"id":2521,"href":"http:\/\/www.girosgourmet.com.br\/index.php\/wp-json\/wp\/v2\/posts\/133\/revisions\/2521"}],"wp:attachment":[{"href":"http:\/\/www.girosgourmet.com.br\/index.php\/wp-json\/wp\/v2\/media?parent=133"}],"wp:term":[{"taxonomy":"category","embeddable":true,"href":"http:\/\/www.girosgourmet.com.br\/index.php\/wp-json\/wp\/v2\/categories?post=133"},{"taxonomy":"post_tag","embeddable":true,"href":"http:\/\/www.girosgourmet.com.br\/index.php\/wp-json\/wp\/v2\/tags?post=133"}],"curies":[{"name":"wp","href":"https:\/\/api.w.org\/{rel}","templated":true}]}}