{"id":12446,"date":"2025-07-07T19:45:38","date_gmt":"2025-07-07T22:45:38","guid":{"rendered":"https:\/\/www.girosgourmet.com.br\/?p=12446"},"modified":"2025-07-07T19:46:31","modified_gmt":"2025-07-07T22:46:31","slug":"belo-cafe-sabores-inusitados-e-qualidade-em-primeiro-plano","status":"publish","type":"post","link":"http:\/\/www.girosgourmet.com.br\/index.php\/belo-cafe-sabores-inusitados-e-qualidade-em-primeiro-plano\/","title":{"rendered":"Belo Caf\u00e9- Sabores inusitados e qualidade em primeiro plano."},"content":{"rendered":"\n<figure class=\"wp-block-image size-large\"><a href=\"https:\/\/www.girosgourmet.com.br\/wp-content\/uploads\/2025\/07\/234ea8e9-2a11-4af6-9914-5ad7e7ae72b1-002.jpg\"><img loading=\"lazy\" decoding=\"async\" width=\"1024\" height=\"819\" src=\"https:\/\/www.girosgourmet.com.br\/wp-content\/uploads\/2025\/07\/234ea8e9-2a11-4af6-9914-5ad7e7ae72b1-002-1024x819.jpg\" alt=\"\" class=\"wp-image-12447\" srcset=\"http:\/\/www.girosgourmet.com.br\/wp-content\/uploads\/2025\/07\/234ea8e9-2a11-4af6-9914-5ad7e7ae72b1-002-1024x819.jpg 1024w, http:\/\/www.girosgourmet.com.br\/wp-content\/uploads\/2025\/07\/234ea8e9-2a11-4af6-9914-5ad7e7ae72b1-002-300x240.jpg 300w, http:\/\/www.girosgourmet.com.br\/wp-content\/uploads\/2025\/07\/234ea8e9-2a11-4af6-9914-5ad7e7ae72b1-002-768x614.jpg 768w, http:\/\/www.girosgourmet.com.br\/wp-content\/uploads\/2025\/07\/234ea8e9-2a11-4af6-9914-5ad7e7ae72b1-002.jpg 1448w\" sizes=\"auto, (max-width: 1024px) 100vw, 1024px\" \/><\/a><\/figure>\n\n\n\n<p><\/p>\n\n\n\n<p style=\"text-align: justify;\">Situado nos Jardins, o <strong>Belo Caf\u00e9<\/strong> traz as ra\u00edzes regionais da <strong>chef Andreza Lu\u00edsa<\/strong> para os paulistanos apaixonados pela gastronomia mineira. Um ano de casa e s\u00f3 tivemos a oportunidade de conhec\u00ea-la agora. Aqui todas as receitas levam consigo um toque mineiro, misturado com contemporaneidade e delicadeza. Fiquei encantada!<\/p>\n\n\n\n<p><\/p>\n\n\n\n<figure class=\"wp-block-image size-full\"><a href=\"https:\/\/www.girosgourmet.com.br\/wp-content\/uploads\/2025\/07\/image.png\"><img loading=\"lazy\" decoding=\"async\" width=\"1024\" height=\"683\" src=\"https:\/\/www.girosgourmet.com.br\/wp-content\/uploads\/2025\/07\/image.png\" alt=\"\" class=\"wp-image-12448\" srcset=\"http:\/\/www.girosgourmet.com.br\/wp-content\/uploads\/2025\/07\/image.png 1024w, http:\/\/www.girosgourmet.com.br\/wp-content\/uploads\/2025\/07\/image-300x200.png 300w, http:\/\/www.girosgourmet.com.br\/wp-content\/uploads\/2025\/07\/image-768x512.png 768w, http:\/\/www.girosgourmet.com.br\/wp-content\/uploads\/2025\/07\/image-360x240.png 360w\" sizes=\"auto, (max-width: 1024px) 100vw, 1024px\" \/><\/a><\/figure>\n\n\n\n<p><\/p>\n\n\n\n<p style=\"text-align: justify;\">Iniciamos nosso almo\u00e7o com <strong>Tartare, Broa de Milho e Pimenta Cambuci<\/strong> (R$55,00). Um Snack crocante de milho com steak tartare de angus e picles de pimenta com castanha do Brasil. Que del\u00edcia de entrada: uma mistura de sabores e texturas que explodiram no meu palato, a carne suculenta crua estava perfeitamente picada e suavemente temperada, com o adocicado da Broa causou um frescor delicioso. Queria mais!<\/p>\n\n\n\n<p><\/p>\n\n\n\n<figure class=\"wp-block-image size-large\"><a href=\"https:\/\/www.girosgourmet.com.br\/wp-content\/uploads\/2025\/07\/9a536468-138a-4b1d-a730-b35ba3bfbb3b-002.jpg\"><img loading=\"lazy\" decoding=\"async\" width=\"1024\" height=\"819\" src=\"https:\/\/www.girosgourmet.com.br\/wp-content\/uploads\/2025\/07\/9a536468-138a-4b1d-a730-b35ba3bfbb3b-002-1024x819.jpg\" alt=\"\" class=\"wp-image-12449\" srcset=\"http:\/\/www.girosgourmet.com.br\/wp-content\/uploads\/2025\/07\/9a536468-138a-4b1d-a730-b35ba3bfbb3b-002-1024x819.jpg 1024w, http:\/\/www.girosgourmet.com.br\/wp-content\/uploads\/2025\/07\/9a536468-138a-4b1d-a730-b35ba3bfbb3b-002-300x240.jpg 300w, http:\/\/www.girosgourmet.com.br\/wp-content\/uploads\/2025\/07\/9a536468-138a-4b1d-a730-b35ba3bfbb3b-002-768x614.jpg 768w, http:\/\/www.girosgourmet.com.br\/wp-content\/uploads\/2025\/07\/9a536468-138a-4b1d-a730-b35ba3bfbb3b-002.jpg 1500w\" sizes=\"auto, (max-width: 1024px) 100vw, 1024px\" \/><\/a><\/figure>\n\n\n\n<p><\/p>\n\n\n\n<p style=\"text-align: justify;\">Outra entrada tentadora foi o <strong>Escabeche de Rosbife<\/strong> (R$62,00). Escabeche de rosbife de fil\u00e9 feito na casa com azeite de ervas, servido com ciabatta. Literalmente uma entrada que vai deixar seu estomago quentinho e confort\u00e1vel. Carne bem marinada, sem nenhuma acidez caracter\u00edstica da receita original, com sabor \u00fanico e fiel ao m\u00e9todo prepara\u00e7\u00e3o. Um <em>Confort food<\/em> simples e cheio de nuances!<\/p>\n\n\n\n<p><\/p>\n\n\n\n<figure class=\"wp-block-image size-large\"><a href=\"https:\/\/www.girosgourmet.com.br\/wp-content\/uploads\/2025\/07\/89615fc0-21f3-4a73-b9ae-6dfa25c6b45f-002.jpg\"><img loading=\"lazy\" decoding=\"async\" width=\"1024\" height=\"768\" src=\"https:\/\/www.girosgourmet.com.br\/wp-content\/uploads\/2025\/07\/89615fc0-21f3-4a73-b9ae-6dfa25c6b45f-002-1024x768.jpg\" alt=\"\" class=\"wp-image-12450\" srcset=\"http:\/\/www.girosgourmet.com.br\/wp-content\/uploads\/2025\/07\/89615fc0-21f3-4a73-b9ae-6dfa25c6b45f-002-1024x768.jpg 1024w, http:\/\/www.girosgourmet.com.br\/wp-content\/uploads\/2025\/07\/89615fc0-21f3-4a73-b9ae-6dfa25c6b45f-002-300x225.jpg 300w, http:\/\/www.girosgourmet.com.br\/wp-content\/uploads\/2025\/07\/89615fc0-21f3-4a73-b9ae-6dfa25c6b45f-002-768x576.jpg 768w, http:\/\/www.girosgourmet.com.br\/wp-content\/uploads\/2025\/07\/89615fc0-21f3-4a73-b9ae-6dfa25c6b45f-002-1536x1152.jpg 1536w, http:\/\/www.girosgourmet.com.br\/wp-content\/uploads\/2025\/07\/89615fc0-21f3-4a73-b9ae-6dfa25c6b45f-002.jpg 1600w\" sizes=\"auto, (max-width: 1024px) 100vw, 1024px\" \/><\/a><\/figure>\n\n\n\n<p><\/p>\n\n\n\n<p style=\"text-align: justify;\">Pratos principais? Apostei no <strong>Corte do dia e Cogumelos<\/strong> (R$120,00) Angus grelhado, com pur\u00ea de cogumelos tostados, farofa de cebola caramelizada e glace de chocolate meio amargo. Carne bem fatiadinha, macia e no ponto exato, a farofinha \u00e9 o cl\u00e1ssico necess\u00e1rio, crocante e adocicada, amo! O pur\u00ea de cogumelos bem cremoso trouxe leveza, mas enti falta do sabor do glace de chocolate, aparece pouco.<\/p>\n\n\n\n<p><\/p>\n\n\n\n<figure class=\"wp-block-image size-large\"><a href=\"https:\/\/www.girosgourmet.com.br\/wp-content\/uploads\/2025\/07\/9cd5e1e7-20fb-4607-95f6-139978ad4d49-002.jpg\"><img loading=\"lazy\" decoding=\"async\" width=\"1024\" height=\"768\" src=\"https:\/\/www.girosgourmet.com.br\/wp-content\/uploads\/2025\/07\/9cd5e1e7-20fb-4607-95f6-139978ad4d49-002-1024x768.jpg\" alt=\"\" class=\"wp-image-12451\" srcset=\"http:\/\/www.girosgourmet.com.br\/wp-content\/uploads\/2025\/07\/9cd5e1e7-20fb-4607-95f6-139978ad4d49-002-1024x768.jpg 1024w, http:\/\/www.girosgourmet.com.br\/wp-content\/uploads\/2025\/07\/9cd5e1e7-20fb-4607-95f6-139978ad4d49-002-300x225.jpg 300w, http:\/\/www.girosgourmet.com.br\/wp-content\/uploads\/2025\/07\/9cd5e1e7-20fb-4607-95f6-139978ad4d49-002-768x576.jpg 768w, http:\/\/www.girosgourmet.com.br\/wp-content\/uploads\/2025\/07\/9cd5e1e7-20fb-4607-95f6-139978ad4d49-002-1536x1152.jpg 1536w, http:\/\/www.girosgourmet.com.br\/wp-content\/uploads\/2025\/07\/9cd5e1e7-20fb-4607-95f6-139978ad4d49-002.jpg 1600w\" sizes=\"auto, (max-width: 1024px) 100vw, 1024px\" \/><\/a><\/figure>\n\n\n\n<p><\/p>\n\n\n\n<p style=\"text-align: justify;\">O <strong>Polvo e Porco<\/strong> (R$159,00), \u00e9 uma bomba arom\u00e1tica. O crust\u00e1ceo Forma lindo par com o porco e perfeitamente conectados pelo amanteigado caldo do arroz cremoso. O glace de rapadura estimula ainda cada garfada. Amei os contrastes de texturas!<\/p>\n\n\n\n<figure class=\"wp-block-image size-large\"><a href=\"https:\/\/www.girosgourmet.com.br\/wp-content\/uploads\/2025\/07\/f6a5478d-4830-4493-8466-39bff81a3b83-002.jpg\"><img loading=\"lazy\" decoding=\"async\" width=\"1024\" height=\"768\" src=\"https:\/\/www.girosgourmet.com.br\/wp-content\/uploads\/2025\/07\/f6a5478d-4830-4493-8466-39bff81a3b83-002-1024x768.jpg\" alt=\"\" class=\"wp-image-12452\" srcset=\"http:\/\/www.girosgourmet.com.br\/wp-content\/uploads\/2025\/07\/f6a5478d-4830-4493-8466-39bff81a3b83-002-1024x768.jpg 1024w, http:\/\/www.girosgourmet.com.br\/wp-content\/uploads\/2025\/07\/f6a5478d-4830-4493-8466-39bff81a3b83-002-300x225.jpg 300w, http:\/\/www.girosgourmet.com.br\/wp-content\/uploads\/2025\/07\/f6a5478d-4830-4493-8466-39bff81a3b83-002-768x576.jpg 768w, http:\/\/www.girosgourmet.com.br\/wp-content\/uploads\/2025\/07\/f6a5478d-4830-4493-8466-39bff81a3b83-002-1536x1152.jpg 1536w, http:\/\/www.girosgourmet.com.br\/wp-content\/uploads\/2025\/07\/f6a5478d-4830-4493-8466-39bff81a3b83-002.jpg 1600w\" sizes=\"auto, (max-width: 1024px) 100vw, 1024px\" \/><\/a><\/figure>\n\n\n\n<p><\/p>\n\n\n\n<p style=\"text-align: justify;\">Para finalizar a refei\u00e7\u00e3o em grande estilo \u2013 e combinar com os caf\u00e9s mineiros especiais que o lugar oferece, pedimos uma sobremesa. O surpreendente <strong>Iogurte, Hibisco e Laranja<\/strong> (R$45,00) creme de iogurte, doce de laranja, maria mole de lim\u00e3o e namelaka de hibisco, n\u00e3o ir\u00e1 te desapontar se voc\u00ea busca um docinho leve, com texturas que se comunicam, levemente c\u00edtrico, levemente doce. Sabores e texturas marcantes, e ainda assim despretensioso. A surpresa do almo\u00e7o!<\/p>\n\n\n\n<p><\/p>\n\n\n\n<figure class=\"wp-block-image size-large\"><a href=\"https:\/\/www.girosgourmet.com.br\/wp-content\/uploads\/2025\/07\/50479e03-f386-485b-8ded-f324e758c3c9-002.jpg\"><img loading=\"lazy\" decoding=\"async\" width=\"1024\" height=\"768\" src=\"https:\/\/www.girosgourmet.com.br\/wp-content\/uploads\/2025\/07\/50479e03-f386-485b-8ded-f324e758c3c9-002-1024x768.jpg\" alt=\"\" class=\"wp-image-12453\" srcset=\"http:\/\/www.girosgourmet.com.br\/wp-content\/uploads\/2025\/07\/50479e03-f386-485b-8ded-f324e758c3c9-002-1024x768.jpg 1024w, http:\/\/www.girosgourmet.com.br\/wp-content\/uploads\/2025\/07\/50479e03-f386-485b-8ded-f324e758c3c9-002-300x225.jpg 300w, http:\/\/www.girosgourmet.com.br\/wp-content\/uploads\/2025\/07\/50479e03-f386-485b-8ded-f324e758c3c9-002-768x576.jpg 768w, http:\/\/www.girosgourmet.com.br\/wp-content\/uploads\/2025\/07\/50479e03-f386-485b-8ded-f324e758c3c9-002-1536x1152.jpg 1536w, http:\/\/www.girosgourmet.com.br\/wp-content\/uploads\/2025\/07\/50479e03-f386-485b-8ded-f324e758c3c9-002.jpg 1600w\" sizes=\"auto, (max-width: 1024px) 100vw, 1024px\" \/><\/a><\/figure>\n\n\n\n<p><\/p>\n\n\n\n<p style=\"text-align: justify;\">Valores mais do que justos pela entrega, servi\u00e7o gentil. Vale dizer que a carta de drinks autorais preparado pelo querido <strong>Marcelo Serrano<\/strong> \u00e9 uma das boas da cidade, Quero Voltar!<\/p>\n\n\n\n<p style=\"text-align: justify;\"><em><a href=\"https:\/\/www.google.com\/maps\/search\/Rua+Padre+Jo%C3%A3o+Manoel,+881+-+Jardim+Paulista,+S%C3%A3o+Paulo%2FSP?entry=gmail&amp;source=g\" target=\"_blank\" rel=\"noreferrer noopener\">Rua Padre Jo\u00e3o Manoel, 881 &#8211; Jardim Paulista, S\u00e3o Paulo\/SP<\/a> &#8211; Fone: (11) 95321-2347 | Hor\u00e1rio de funcionamento: segunda a s\u00e1bado das 9h \u00e0s 19h, domingo das 9h \u00e0s 17h | @belocafesp<\/em><\/p>\n<iframe src=\"http:\/\/www.facebook.com\/plugins\/like.php?href=http:\/\/www.girosgourmet.com.br\/index.php\/belo-cafe-sabores-inusitados-e-qualidade-em-primeiro-plano\/&amp;layout=standard&amp;show_faces=1&amp;width=450&amp;action=like&amp;colorscheme=light&amp;font=\" scrolling=\"no\" frameborder=\"0\" style=\"border:none; overflow:hidden; width:450px; height:60px\"><\/iframe>","protected":false},"excerpt":{"rendered":"<p>Situado nos Jardins, o Belo Caf\u00e9 traz as ra\u00edzes regionais da chef Andreza Lu\u00edsa para os paulistanos apaixonados pela gastronomia mineira. Um ano de casa e s\u00f3 tivemos a oportunidade de conhec\u00ea-la agora. Aqui todas as receitas levam consigo um toque mineiro, misturado com contemporaneidade e delicadeza. Fiquei encantada! Iniciamos [&hellip;]<\/p>\n","protected":false},"author":3,"featured_media":12448,"comment_status":"open","ping_status":"closed","sticky":false,"template":"","format":"standard","meta":{"footnotes":""},"categories":[39],"tags":[1423,2371,442],"class_list":["post-12446","post","type-post","status-publish","format-standard","has-post-thumbnail","hentry","category-gastronomia","tag-gastronomia-mineira","tag-giro-da-semana","tag-jardins"],"_links":{"self":[{"href":"http:\/\/www.girosgourmet.com.br\/index.php\/wp-json\/wp\/v2\/posts\/12446","targetHints":{"allow":["GET"]}}],"collection":[{"href":"http:\/\/www.girosgourmet.com.br\/index.php\/wp-json\/wp\/v2\/posts"}],"about":[{"href":"http:\/\/www.girosgourmet.com.br\/index.php\/wp-json\/wp\/v2\/types\/post"}],"author":[{"embeddable":true,"href":"http:\/\/www.girosgourmet.com.br\/index.php\/wp-json\/wp\/v2\/users\/3"}],"replies":[{"embeddable":true,"href":"http:\/\/www.girosgourmet.com.br\/index.php\/wp-json\/wp\/v2\/comments?post=12446"}],"version-history":[{"count":2,"href":"http:\/\/www.girosgourmet.com.br\/index.php\/wp-json\/wp\/v2\/posts\/12446\/revisions"}],"predecessor-version":[{"id":12455,"href":"http:\/\/www.girosgourmet.com.br\/index.php\/wp-json\/wp\/v2\/posts\/12446\/revisions\/12455"}],"wp:featuredmedia":[{"embeddable":true,"href":"http:\/\/www.girosgourmet.com.br\/index.php\/wp-json\/wp\/v2\/media\/12448"}],"wp:attachment":[{"href":"http:\/\/www.girosgourmet.com.br\/index.php\/wp-json\/wp\/v2\/media?parent=12446"}],"wp:term":[{"taxonomy":"category","embeddable":true,"href":"http:\/\/www.girosgourmet.com.br\/index.php\/wp-json\/wp\/v2\/categories?post=12446"},{"taxonomy":"post_tag","embeddable":true,"href":"http:\/\/www.girosgourmet.com.br\/index.php\/wp-json\/wp\/v2\/tags?post=12446"}],"curies":[{"name":"wp","href":"https:\/\/api.w.org\/{rel}","templated":true}]}}