{"id":12076,"date":"2023-08-29T16:48:33","date_gmt":"2023-08-29T19:48:33","guid":{"rendered":"http:\/\/www.girosgourmet.com.br\/?p=12076"},"modified":"2023-08-29T18:58:03","modified_gmt":"2023-08-29T21:58:03","slug":"piselli-vista-privilegiada-e-servico-impecavel","status":"publish","type":"post","link":"http:\/\/www.girosgourmet.com.br\/index.php\/piselli-vista-privilegiada-e-servico-impecavel\/","title":{"rendered":"Piselli: Vista privilegiada e Servi\u00e7o impec\u00e1vel!"},"content":{"rendered":"\n<figure class=\"wp-block-image size-large\"><a href=\"http:\/\/www.girosgourmet.com.br\/wp-content\/uploads\/2023\/08\/Piselli-Boa-Vista-16-DO-scaled.jpg\"><img loading=\"lazy\" decoding=\"async\" width=\"1024\" height=\"683\" src=\"http:\/\/www.girosgourmet.com.br\/wp-content\/uploads\/2023\/08\/Piselli-Boa-Vista-16-DO-1024x683.jpg\" alt=\"\" class=\"wp-image-12077\" srcset=\"http:\/\/www.girosgourmet.com.br\/wp-content\/uploads\/2023\/08\/Piselli-Boa-Vista-16-DO-1024x683.jpg 1024w, http:\/\/www.girosgourmet.com.br\/wp-content\/uploads\/2023\/08\/Piselli-Boa-Vista-16-DO-300x200.jpg 300w, http:\/\/www.girosgourmet.com.br\/wp-content\/uploads\/2023\/08\/Piselli-Boa-Vista-16-DO-768x512.jpg 768w, http:\/\/www.girosgourmet.com.br\/wp-content\/uploads\/2023\/08\/Piselli-Boa-Vista-16-DO-1536x1024.jpg 1536w, http:\/\/www.girosgourmet.com.br\/wp-content\/uploads\/2023\/08\/Piselli-Boa-Vista-16-DO-2048x1365.jpg 2048w, http:\/\/www.girosgourmet.com.br\/wp-content\/uploads\/2023\/08\/Piselli-Boa-Vista-16-DO-360x240.jpg 360w\" sizes=\"auto, (max-width: 1024px) 100vw, 1024px\" \/><\/a><\/figure>\n\n\n\n<p><\/p>\n\n\n\n<p style=\"text-align: justify;\">O restaurateur <strong>Juscelino Pereira<\/strong> est\u00e1 celebrando 19 anos da marca <strong>Piselli<\/strong> em 2023 e fomos convidados a conhecer um dos seus restaurantes, mais exatamente no 12\u00ba andar do pr\u00e9dio da Associa\u00e7\u00e3o Comercial de S\u00e3o Paulo. O lugar \u00e9 incr\u00edvel, super clean, com mesas e cadeiras confort\u00e1veis e uma vista privilegiada dos principais pontos hist\u00f3ricos da cidade.<\/p>\n\n\n\n<p style=\"text-align: justify;\">A cozinha \u00e9 uma refer\u00eancia na gastronomia italiana atual, produtos de alta qualidade, personalizados que contribuem para receitas incr\u00edveis, recheada de sabores e texturas.<\/p>\n\n\n<div class=\"wp-block-image\">\n<figure class=\"aligncenter size-large is-resized\"><a href=\"http:\/\/www.girosgourmet.com.br\/wp-content\/uploads\/2023\/08\/IMG_6795.jpg\"><img loading=\"lazy\" decoding=\"async\" src=\"http:\/\/www.girosgourmet.com.br\/wp-content\/uploads\/2023\/08\/IMG_6795-711x1024.jpg\" alt=\"\" class=\"wp-image-12078\" width=\"480\" height=\"691\" srcset=\"http:\/\/www.girosgourmet.com.br\/wp-content\/uploads\/2023\/08\/IMG_6795-711x1024.jpg 711w, http:\/\/www.girosgourmet.com.br\/wp-content\/uploads\/2023\/08\/IMG_6795-208x300.jpg 208w, http:\/\/www.girosgourmet.com.br\/wp-content\/uploads\/2023\/08\/IMG_6795-768x1106.jpg 768w, http:\/\/www.girosgourmet.com.br\/wp-content\/uploads\/2023\/08\/IMG_6795-1067x1536.jpg 1067w, http:\/\/www.girosgourmet.com.br\/wp-content\/uploads\/2023\/08\/IMG_6795.jpg 1399w\" sizes=\"auto, (max-width: 480px) 100vw, 480px\" \/><\/a><\/figure><\/div>\n\n\n<p><\/p>\n\n\n\n<p style=\"text-align: justify;\">Iniciei meu Almo\u00e7o com a <strong>Burrata Fredda<\/strong> (R$69,00) servida com tomates marinados e azeite de manjeric\u00e3o. Al\u00e9m de um visual bonito, colorido e brilhante, todos os ingredientes estavam frescos, sobretudo o queijo com sua textura e confec\u00e7\u00e3o impec\u00e1veis. Sabor delicadamente \u00e1cido, derretia na boca. Simples e bom.<\/p>\n\n\n\n<p><\/p>\n\n\n<div class=\"wp-block-image\">\n<figure class=\"aligncenter size-large is-resized\"><a href=\"http:\/\/www.girosgourmet.com.br\/wp-content\/uploads\/2023\/08\/A4F66ED6-ED33-4263-B13A-62552AD534FB.jpg\"><img loading=\"lazy\" decoding=\"async\" src=\"http:\/\/www.girosgourmet.com.br\/wp-content\/uploads\/2023\/08\/A4F66ED6-ED33-4263-B13A-62552AD534FB-1024x1003.jpg\" alt=\"\" class=\"wp-image-12079\" width=\"752\" height=\"736\" srcset=\"http:\/\/www.girosgourmet.com.br\/wp-content\/uploads\/2023\/08\/A4F66ED6-ED33-4263-B13A-62552AD534FB-1024x1003.jpg 1024w, http:\/\/www.girosgourmet.com.br\/wp-content\/uploads\/2023\/08\/A4F66ED6-ED33-4263-B13A-62552AD534FB-300x294.jpg 300w, http:\/\/www.girosgourmet.com.br\/wp-content\/uploads\/2023\/08\/A4F66ED6-ED33-4263-B13A-62552AD534FB-768x752.jpg 768w, http:\/\/www.girosgourmet.com.br\/wp-content\/uploads\/2023\/08\/A4F66ED6-ED33-4263-B13A-62552AD534FB.jpg 1492w\" sizes=\"auto, (max-width: 752px) 100vw, 752px\" \/><\/a><\/figure><\/div>\n\n\n<p><\/p>\n\n\n\n<p style=\"text-align: justify;\">Minha primeira escolha foi o magnifico <strong>Ravioli Di Fontina Alla Crema di Tartufo Nero<\/strong> (R$99,00). Massa recheada de queijo Fontina cobertos de trufas negras. Aqui trata-se de uma receita toda equilibrada: a massa macia, no cozimento correto, em sinergia com o queijo de sabor suave, textura mole e el\u00e1stica, quase cremoso. As trufas causaram a explos\u00e3o no palato, causando um intenso contraste de sabores. Um espet\u00e1culo, o meu desejo \u00e9 voltar l\u00e1 e comer este prato novamente. N\u00e3o hesite!<\/p>\n\n\n\n<p><\/p>\n\n\n<div class=\"wp-block-image\">\n<figure class=\"aligncenter size-large is-resized\"><a href=\"http:\/\/www.girosgourmet.com.br\/wp-content\/uploads\/2023\/08\/IMG_6803.jpg\"><img loading=\"lazy\" decoding=\"async\" src=\"http:\/\/www.girosgourmet.com.br\/wp-content\/uploads\/2023\/08\/IMG_6803-768x1024.jpg\" alt=\"\" class=\"wp-image-12080\" width=\"506\" height=\"675\" srcset=\"http:\/\/www.girosgourmet.com.br\/wp-content\/uploads\/2023\/08\/IMG_6803-768x1024.jpg 768w, http:\/\/www.girosgourmet.com.br\/wp-content\/uploads\/2023\/08\/IMG_6803-225x300.jpg 225w, http:\/\/www.girosgourmet.com.br\/wp-content\/uploads\/2023\/08\/IMG_6803-1152x1536.jpg 1152w, http:\/\/www.girosgourmet.com.br\/wp-content\/uploads\/2023\/08\/IMG_6803.jpg 1512w\" sizes=\"auto, (max-width: 506px) 100vw, 506px\" \/><\/a><\/figure><\/div>\n\n\n<p><\/p>\n\n\n\n<p style=\"text-align: justify;\">Meu segundo prato, foi algo mais trivial, por\u00e9m impactante quando se trata de culin\u00e1ria italiana. Pedi um <strong>Risotto di Gamberi<\/strong> (R$163,00). Al\u00e9m de uma belissima apresenta\u00e7\u00e3o com crust\u00e1ceos enormes para exaltar nossos sentidos, o arroz alaranjado estava cremoso, al dente, como deve ser! Importante mencionar que chega \u00e0 mesa na temperatura que deve se chegar, quentinho, bem&nbsp;<em>confort food<\/em>!<\/p>\n\n\n\n<p><\/p>\n\n\n<div class=\"wp-block-image\">\n<figure class=\"aligncenter size-large is-resized\"><a href=\"http:\/\/www.girosgourmet.com.br\/wp-content\/uploads\/2023\/08\/74CC58A4-FE00-491E-B566-813D35B24950.jpg\"><img loading=\"lazy\" decoding=\"async\" src=\"http:\/\/www.girosgourmet.com.br\/wp-content\/uploads\/2023\/08\/74CC58A4-FE00-491E-B566-813D35B24950-821x1024.jpg\" alt=\"\" class=\"wp-image-12081\" width=\"742\" height=\"925\" srcset=\"http:\/\/www.girosgourmet.com.br\/wp-content\/uploads\/2023\/08\/74CC58A4-FE00-491E-B566-813D35B24950-821x1024.jpg 821w, http:\/\/www.girosgourmet.com.br\/wp-content\/uploads\/2023\/08\/74CC58A4-FE00-491E-B566-813D35B24950-241x300.jpg 241w, http:\/\/www.girosgourmet.com.br\/wp-content\/uploads\/2023\/08\/74CC58A4-FE00-491E-B566-813D35B24950-768x958.jpg 768w, http:\/\/www.girosgourmet.com.br\/wp-content\/uploads\/2023\/08\/74CC58A4-FE00-491E-B566-813D35B24950.jpg 1080w\" sizes=\"auto, (max-width: 742px) 100vw, 742px\" \/><\/a><\/figure><\/div>\n\n\n<p><\/p>\n\n\n\n<p style=\"text-align: justify;\"><span>Aqui sobremesa \u00e9 indispens\u00e1vel, como sempre o meu escolhido foi o\u00a0<\/span><strong>Tiramissu<\/strong><span>\u00a0(R$47,00) este daqui ado\u00e7a a vida! Polvilhado na medida e cheio de sabor, textura leve, macia, uma nova leitura interessante da sobremesa mais adorada da Italia. Indispens\u00e1vel aos amantes da sobremesa italiana. Queria mais!<\/span><\/p>\n<p>Lugar incrivel, servi\u00e7o impec\u00e1vel, o Piselli \u00e9 um daqueles lugares que merece a visita quando se est\u00e1 na Capital Paulista. Quero voltar!<\/p>\n\n\n\n<p><strong>R. Boa Vista, 51, 12\u00b0 &#8211; Centro Hist\u00f3rico De S\u00e3o Paulo \u2013 SP<\/strong><\/p>\n\n\n\n<p><strong>Somente Almo\u00e7o<\/strong><\/p>\n\n\n\n<p><a href=\"https:\/\/wa.me\/+551130816043\" target=\"_blank\" rel=\"noreferrer noopener\">(11) 3081-6043<\/a><\/p>\n<iframe src=\"http:\/\/www.facebook.com\/plugins\/like.php?href=http:\/\/www.girosgourmet.com.br\/index.php\/piselli-vista-privilegiada-e-servico-impecavel\/&amp;layout=standard&amp;show_faces=1&amp;width=450&amp;action=like&amp;colorscheme=light&amp;font=\" scrolling=\"no\" frameborder=\"0\" style=\"border:none; overflow:hidden; width:450px; height:60px\"><\/iframe>","protected":false},"excerpt":{"rendered":"<p>O restaurateur Juscelino Pereira est\u00e1 celebrando 19 anos da marca Piselli em 2023 e fomos convidados a conhecer um dos seus restaurantes, mais exatamente no 12\u00ba andar do pr\u00e9dio da Associa\u00e7\u00e3o Comercial de S\u00e3o Paulo. O lugar \u00e9 incr\u00edvel, super clean, com mesas e cadeiras confort\u00e1veis e uma vista privilegiada [&hellip;]<\/p>\n","protected":false},"author":3,"featured_media":12077,"comment_status":"open","ping_status":"closed","sticky":false,"template":"","format":"standard","meta":{"footnotes":""},"categories":[39],"tags":[1641,2371,2885],"class_list":["post-12076","post","type-post","status-publish","format-standard","has-post-thumbnail","hentry","category-gastronomia","tag-gastronomia-italiana","tag-giro-da-semana","tag-piselli"],"_links":{"self":[{"href":"http:\/\/www.girosgourmet.com.br\/index.php\/wp-json\/wp\/v2\/posts\/12076","targetHints":{"allow":["GET"]}}],"collection":[{"href":"http:\/\/www.girosgourmet.com.br\/index.php\/wp-json\/wp\/v2\/posts"}],"about":[{"href":"http:\/\/www.girosgourmet.com.br\/index.php\/wp-json\/wp\/v2\/types\/post"}],"author":[{"embeddable":true,"href":"http:\/\/www.girosgourmet.com.br\/index.php\/wp-json\/wp\/v2\/users\/3"}],"replies":[{"embeddable":true,"href":"http:\/\/www.girosgourmet.com.br\/index.php\/wp-json\/wp\/v2\/comments?post=12076"}],"version-history":[{"count":3,"href":"http:\/\/www.girosgourmet.com.br\/index.php\/wp-json\/wp\/v2\/posts\/12076\/revisions"}],"predecessor-version":[{"id":12086,"href":"http:\/\/www.girosgourmet.com.br\/index.php\/wp-json\/wp\/v2\/posts\/12076\/revisions\/12086"}],"wp:featuredmedia":[{"embeddable":true,"href":"http:\/\/www.girosgourmet.com.br\/index.php\/wp-json\/wp\/v2\/media\/12077"}],"wp:attachment":[{"href":"http:\/\/www.girosgourmet.com.br\/index.php\/wp-json\/wp\/v2\/media?parent=12076"}],"wp:term":[{"taxonomy":"category","embeddable":true,"href":"http:\/\/www.girosgourmet.com.br\/index.php\/wp-json\/wp\/v2\/categories?post=12076"},{"taxonomy":"post_tag","embeddable":true,"href":"http:\/\/www.girosgourmet.com.br\/index.php\/wp-json\/wp\/v2\/tags?post=12076"}],"curies":[{"name":"wp","href":"https:\/\/api.w.org\/{rel}","templated":true}]}}