{"id":1202,"date":"2010-12-02T13:29:15","date_gmt":"2010-12-02T16:29:15","guid":{"rendered":"http:\/\/www.closetonline.com.br\/blogcarla\/?p=1202"},"modified":"2011-11-09T23:16:26","modified_gmt":"2011-11-10T02:16:26","slug":"casa-de-criadores-e-seus-looks-estilosos","status":"publish","type":"post","link":"http:\/\/www.girosgourmet.com.br\/index.php\/casa-de-criadores-e-seus-looks-estilosos\/","title":{"rendered":"Casa de Criadores e seus looks estilosos!"},"content":{"rendered":"<p style=\"text-align: justify;\">Voc\u00eas conhecem a Casa de Criadores???? Dando um resumo da \u00f3pera, o evento surgiu em 1997, com jovens estilistas para lan\u00e7ar suas novas cole\u00e7\u00f5es&#8230; O objetivo sempre foi o de criar um espa\u00e7o que permitisse a estes estilistas uma proximidade maior com o mercado da moda brasileiro, e com o tempo revelar novos talentos, que a partir do evento, tivessem a oportunidade de impulsionar suas carreiras.<\/p>\n<p style=\"text-align: justify;\">Hoje a Casa \u00e9 considerada uma das principais vitrines de cria\u00e7\u00e3o da moda brasileira&#8230; E me arrisco em dizer que atualmente a mais vis\u00edvel&#8230; Bem, eu adoro esta Semana de Moda, e circular por l\u00e1, nos corredores do Frei Caneca, \u00e9 a oportunidade de ver o novo no universo fashion&#8230; E confesso a voc\u00eas que h\u00e1 tempos na Moda nada anda me emocionando muito a ponto de perder o f\u00f4lego&#8230; O que para mim \u00e9 muito estranho, pois a moda sempre foi algo importante na minha exist\u00eancia&#8230; At\u00e9 que chegam os desfiles do Projeto Lab e sempre percebo que nem tudo est\u00e1 perdido&#8230; Sempre fico emocionada quando vejo uma cole\u00e7\u00e3o de uma pessoa com apenas\u00a018 anos, e nada melhor que o belo e o fashion para encher a nossa alma&#8230; E como estamos no final do ano, excelente \u00e9poca para mudar conceitos e descobrir novos visuais, dei um giro no evento e mostrarei uma mo\u00e7ada que mereceu o meu clique fotogr\u00e1fico&#8230; Beijossss<\/p>\n<div class=\"mceTemp mceIEcenter\">\n<div id=\"attachment_1210\" style=\"width: 235px\" class=\"wp-caption aligncenter\"><a href=\"http:\/\/www.closetonline.com.br\/blogcarla\/wp-content\/uploads\/2010\/12\/0993.jpg\"><img loading=\"lazy\" decoding=\"async\" aria-describedby=\"caption-attachment-1210\" class=\"size-medium wp-image-1210\" title=\"099\" src=\"http:\/\/www.closetonline.com.br\/blogcarla\/wp-content\/uploads\/2010\/12\/0993-225x300.jpg\" alt=\"\" width=\"225\" height=\"300\" srcset=\"http:\/\/www.girosgourmet.com.br\/wp-content\/uploads\/2010\/12\/0993-225x300.jpg 225w, http:\/\/www.girosgourmet.com.br\/wp-content\/uploads\/2010\/12\/0993-112x150.jpg 112w, http:\/\/www.girosgourmet.com.br\/wp-content\/uploads\/2010\/12\/0993.jpg 576w\" sizes=\"auto, (max-width: 225px) 100vw, 225px\" \/><\/a><p id=\"caption-attachment-1210\" class=\"wp-caption-text\">Felipe, 23, DJ<\/p><\/div>\n<\/div>\n<div class=\"mceTemp mceIEcenter\">\n<div id=\"attachment_1211\" style=\"width: 235px\" class=\"wp-caption aligncenter\"><a href=\"http:\/\/www.closetonline.com.br\/blogcarla\/wp-content\/uploads\/2010\/12\/1021.jpg\"><img loading=\"lazy\" decoding=\"async\" aria-describedby=\"caption-attachment-1211\" class=\"size-medium wp-image-1211\" title=\"102\" src=\"http:\/\/www.closetonline.com.br\/blogcarla\/wp-content\/uploads\/2010\/12\/1021-225x300.jpg\" alt=\"\" width=\"225\" height=\"300\" srcset=\"http:\/\/www.girosgourmet.com.br\/wp-content\/uploads\/2010\/12\/1021-225x300.jpg 225w, http:\/\/www.girosgourmet.com.br\/wp-content\/uploads\/2010\/12\/1021-112x150.jpg 112w, http:\/\/www.girosgourmet.com.br\/wp-content\/uploads\/2010\/12\/1021.jpg 576w\" sizes=\"auto, (max-width: 225px) 100vw, 225px\" \/><\/a><p id=\"caption-attachment-1211\" class=\"wp-caption-text\">Carla, 37, Jornalista e Juliana, 35, Publicitaria<\/p><\/div>\n<\/div>\n<div id=\"attachment_1213\" style=\"width: 235px\" class=\"wp-caption aligncenter\"><a href=\"http:\/\/www.closetonline.com.br\/blogcarla\/wp-content\/uploads\/2010\/12\/1041.jpg\"><img loading=\"lazy\" decoding=\"async\" aria-describedby=\"caption-attachment-1213\" class=\"size-medium wp-image-1213\" title=\"104\" src=\"http:\/\/www.closetonline.com.br\/blogcarla\/wp-content\/uploads\/2010\/12\/1041-225x300.jpg\" alt=\"\" width=\"225\" height=\"300\" srcset=\"http:\/\/www.girosgourmet.com.br\/wp-content\/uploads\/2010\/12\/1041-225x300.jpg 225w, http:\/\/www.girosgourmet.com.br\/wp-content\/uploads\/2010\/12\/1041-112x150.jpg 112w, http:\/\/www.girosgourmet.com.br\/wp-content\/uploads\/2010\/12\/1041.jpg 576w\" sizes=\"auto, (max-width: 225px) 100vw, 225px\" \/><\/a><p id=\"caption-attachment-1213\" class=\"wp-caption-text\">Renata, 27, Promotora de Vendas<\/p><\/div>\n<p style=\"text-align: center;\">\n<div id=\"attachment_1215\" style=\"width: 235px\" class=\"wp-caption aligncenter\"><a href=\"http:\/\/www.closetonline.com.br\/blogcarla\/wp-content\/uploads\/2010\/12\/1061.jpg\"><img loading=\"lazy\" decoding=\"async\" aria-describedby=\"caption-attachment-1215\" class=\"size-medium wp-image-1215\" title=\"106\" src=\"http:\/\/www.closetonline.com.br\/blogcarla\/wp-content\/uploads\/2010\/12\/1061-225x300.jpg\" alt=\"\" width=\"225\" height=\"300\" srcset=\"http:\/\/www.girosgourmet.com.br\/wp-content\/uploads\/2010\/12\/1061-225x300.jpg 225w, http:\/\/www.girosgourmet.com.br\/wp-content\/uploads\/2010\/12\/1061-112x150.jpg 112w, http:\/\/www.girosgourmet.com.br\/wp-content\/uploads\/2010\/12\/1061.jpg 576w\" sizes=\"auto, (max-width: 225px) 100vw, 225px\" \/><\/a><p id=\"caption-attachment-1215\" class=\"wp-caption-text\">Heloisa, 24; Saulo, 23; Melissa, 18<\/p><\/div>\n<p style=\"text-align: center;\">\n<div id=\"attachment_1217\" style=\"width: 235px\" class=\"wp-caption aligncenter\"><a href=\"http:\/\/www.closetonline.com.br\/blogcarla\/wp-content\/uploads\/2010\/12\/0972.jpg\"><img loading=\"lazy\" decoding=\"async\" aria-describedby=\"caption-attachment-1217\" class=\"size-medium wp-image-1217\" title=\"097\" src=\"http:\/\/www.closetonline.com.br\/blogcarla\/wp-content\/uploads\/2010\/12\/0972-225x300.jpg\" alt=\"\" width=\"225\" height=\"300\" srcset=\"http:\/\/www.girosgourmet.com.br\/wp-content\/uploads\/2010\/12\/0972-225x300.jpg 225w, http:\/\/www.girosgourmet.com.br\/wp-content\/uploads\/2010\/12\/0972-112x150.jpg 112w, http:\/\/www.girosgourmet.com.br\/wp-content\/uploads\/2010\/12\/0972.jpg 576w\" sizes=\"auto, (max-width: 225px) 100vw, 225px\" \/><\/a><p id=\"caption-attachment-1217\" class=\"wp-caption-text\">Natalia, 16, estudante<\/p><\/div>\n<iframe src=\"http:\/\/www.facebook.com\/plugins\/like.php?href=http:\/\/www.girosgourmet.com.br\/index.php\/casa-de-criadores-e-seus-looks-estilosos\/&amp;layout=standard&amp;show_faces=1&amp;width=450&amp;action=like&amp;colorscheme=light&amp;font=\" scrolling=\"no\" frameborder=\"0\" style=\"border:none; overflow:hidden; width:450px; height:60px\"><\/iframe>","protected":false},"excerpt":{"rendered":"<p>Voc\u00eas conhecem a Casa de Criadores???? Dando um resumo da \u00f3pera, o evento surgiu em 1997, com jovens estilistas para lan\u00e7ar suas novas cole\u00e7\u00f5es&#8230; O objetivo sempre foi o de criar um espa\u00e7o que permitisse a estes estilistas uma proximidade maior com o mercado da moda brasileiro, e com o [&hellip;]<\/p>\n","protected":false},"author":3,"featured_media":0,"comment_status":"open","ping_status":"open","sticky":false,"template":"","format":"standard","meta":{"footnotes":""},"categories":[39],"tags":[5,6,7],"class_list":["post-1202","post","type-post","status-publish","format-standard","hentry","category-gastronomia","tag-casa-de-criadores","tag-jovens-estilistas","tag-semana-de-moda"],"_links":{"self":[{"href":"http:\/\/www.girosgourmet.com.br\/index.php\/wp-json\/wp\/v2\/posts\/1202","targetHints":{"allow":["GET"]}}],"collection":[{"href":"http:\/\/www.girosgourmet.com.br\/index.php\/wp-json\/wp\/v2\/posts"}],"about":[{"href":"http:\/\/www.girosgourmet.com.br\/index.php\/wp-json\/wp\/v2\/types\/post"}],"author":[{"embeddable":true,"href":"http:\/\/www.girosgourmet.com.br\/index.php\/wp-json\/wp\/v2\/users\/3"}],"replies":[{"embeddable":true,"href":"http:\/\/www.girosgourmet.com.br\/index.php\/wp-json\/wp\/v2\/comments?post=1202"}],"version-history":[{"count":9,"href":"http:\/\/www.girosgourmet.com.br\/index.php\/wp-json\/wp\/v2\/posts\/1202\/revisions"}],"predecessor-version":[{"id":2880,"href":"http:\/\/www.girosgourmet.com.br\/index.php\/wp-json\/wp\/v2\/posts\/1202\/revisions\/2880"}],"wp:attachment":[{"href":"http:\/\/www.girosgourmet.com.br\/index.php\/wp-json\/wp\/v2\/media?parent=1202"}],"wp:term":[{"taxonomy":"category","embeddable":true,"href":"http:\/\/www.girosgourmet.com.br\/index.php\/wp-json\/wp\/v2\/categories?post=1202"},{"taxonomy":"post_tag","embeddable":true,"href":"http:\/\/www.girosgourmet.com.br\/index.php\/wp-json\/wp\/v2\/tags?post=1202"}],"curies":[{"name":"wp","href":"https:\/\/api.w.org\/{rel}","templated":true}]}}