{"id":11978,"date":"2023-04-19T16:48:39","date_gmt":"2023-04-19T19:48:39","guid":{"rendered":"http:\/\/www.girosgourmet.com.br\/?p=11978"},"modified":"2023-04-19T16:48:44","modified_gmt":"2023-04-19T19:48:44","slug":"salve-o-brunch","status":"publish","type":"post","link":"http:\/\/www.girosgourmet.com.br\/index.php\/salve-o-brunch\/","title":{"rendered":"Salve o Brunch!"},"content":{"rendered":"\n<p style=\"text-align: justify;\">Brunch, termo criado pelo ingl\u00eas <strong>Guy Beringer<\/strong> est\u00e1 na moda e n\u00f3s amamos! S\u00e3o Paulo de tempos em tempos, vem oferecendo aos seus comensais muitos lugares agrad\u00e1veis, com composi\u00e7\u00f5es deliciosas que misturam muitas especiarias em pratos criativos e muito saborosos.<\/p>\n\n\n<div class=\"wp-block-image\">\n<figure class=\"aligncenter size-full is-resized\"><a href=\"http:\/\/www.girosgourmet.com.br\/wp-content\/uploads\/2023\/04\/image.png\"><img loading=\"lazy\" decoding=\"async\" src=\"http:\/\/www.girosgourmet.com.br\/wp-content\/uploads\/2023\/04\/image.png\" alt=\"\" class=\"wp-image-11979\" width=\"815\" height=\"429\" srcset=\"http:\/\/www.girosgourmet.com.br\/wp-content\/uploads\/2023\/04\/image.png 570w, http:\/\/www.girosgourmet.com.br\/wp-content\/uploads\/2023\/04\/image-300x158.png 300w\" sizes=\"auto, (max-width: 815px) 100vw, 815px\" \/><\/a><\/figure><\/div>\n\n\n<p><\/p>\n\n\n\n<p style=\"text-align: justify;\">Os adeptos desta refei\u00e7\u00e3o leve e perfeita para os finais de semana, tamb\u00e9m pode ser conferido em um dos lugares mais ic\u00f4nico da cidade, O <strong>Santo Gr\u00e3o<\/strong>, que este ano completa 20 anos e com novidades no menu de brunch, criado pelo chef <strong>Fabio Vieira<\/strong>.<\/p>\n\n\n\n<figure class=\"wp-block-image size-large\"><a href=\"http:\/\/www.girosgourmet.com.br\/wp-content\/uploads\/2023\/04\/Santo-Grao-salmao-defumado-scaled.jpg\"><img loading=\"lazy\" decoding=\"async\" width=\"1024\" height=\"727\" src=\"http:\/\/www.girosgourmet.com.br\/wp-content\/uploads\/2023\/04\/Santo-Grao-salmao-defumado-1024x727.jpg\" alt=\"\" class=\"wp-image-11980\" srcset=\"http:\/\/www.girosgourmet.com.br\/wp-content\/uploads\/2023\/04\/Santo-Grao-salmao-defumado-1024x727.jpg 1024w, http:\/\/www.girosgourmet.com.br\/wp-content\/uploads\/2023\/04\/Santo-Grao-salmao-defumado-300x213.jpg 300w, http:\/\/www.girosgourmet.com.br\/wp-content\/uploads\/2023\/04\/Santo-Grao-salmao-defumado-768x545.jpg 768w, http:\/\/www.girosgourmet.com.br\/wp-content\/uploads\/2023\/04\/Santo-Grao-salmao-defumado-1536x1091.jpg 1536w, http:\/\/www.girosgourmet.com.br\/wp-content\/uploads\/2023\/04\/Santo-Grao-salmao-defumado-2048x1454.jpg 2048w\" sizes=\"auto, (max-width: 1024px) 100vw, 1024px\" \/><\/a><\/figure>\n\n\n\n<p><\/p>\n\n\n\n<p style=\"text-align: justify;\">Fomos conferir os novos pratos e as tenta\u00e7\u00f5es s\u00e3o diversas como os repaginados <strong>Salm\u00e3o Defumado<\/strong>, ovos mexidos e espinafre, batat rosti, finalizado com creme azedo. Leve, saboroso e com uma apresenta\u00e7\u00e3o impec\u00e1vel.<\/p>\n<p><\/p>\n\n\n\n<figure class=\"wp-block-image size-large\"><a href=\"http:\/\/www.girosgourmet.com.br\/wp-content\/uploads\/2023\/04\/Santo-Grao-PancakeCream1-scaled.jpg\"><img loading=\"lazy\" decoding=\"async\" width=\"1024\" height=\"715\" src=\"http:\/\/www.girosgourmet.com.br\/wp-content\/uploads\/2023\/04\/Santo-Grao-PancakeCream1-1024x715.jpg\" alt=\"\" class=\"wp-image-11984\" srcset=\"http:\/\/www.girosgourmet.com.br\/wp-content\/uploads\/2023\/04\/Santo-Grao-PancakeCream1-1024x715.jpg 1024w, http:\/\/www.girosgourmet.com.br\/wp-content\/uploads\/2023\/04\/Santo-Grao-PancakeCream1-300x209.jpg 300w, http:\/\/www.girosgourmet.com.br\/wp-content\/uploads\/2023\/04\/Santo-Grao-PancakeCream1-768x536.jpg 768w, http:\/\/www.girosgourmet.com.br\/wp-content\/uploads\/2023\/04\/Santo-Grao-PancakeCream1-1536x1072.jpg 1536w, http:\/\/www.girosgourmet.com.br\/wp-content\/uploads\/2023\/04\/Santo-Grao-PancakeCream1-2048x1430.jpg 2048w\" sizes=\"auto, (max-width: 1024px) 100vw, 1024px\" \/><\/a><\/figure>\n\n\n\n<p style=\"text-align: justify;\"><\/p>\n<p style=\"text-align: justify;\">Outra receita indispens\u00e1vel s\u00e3o as <strong>Pancakes <\/strong><strong>confitadas<\/strong> com blueberries, cream cheese e maple e leve toque de hortel\u00e3. S\u00e3o muito apetitosas, eu queria mais!<\/p>\n<p style=\"text-align: justify;\">Meu entusiasmo tamb\u00e9m nos levou a provar os deliciosos <strong>Waffles <\/strong><strong>da casa<\/strong><strong>,<\/strong>\u00a0em vers\u00e3o com morangos, frutas vermelhas, maple e chantilly. E tudo isso escoltado pelos caf\u00e9s especiais da linha que leva o nome do lugar<strong>.<\/strong><\/p>\n<p style=\"text-align: justify;\">Aqui voc\u00ea encontrar\u00e1 o brunch perfeito, com pre\u00e7os camaradas e um servi\u00e7o gentil. Vale a visita!<\/p>\n<p>Servi\u00e7o<\/p>\n<p style=\"text-align: justify;\"><strong>Oscar Freire:<\/strong>\u00a0Rua Oscar Freire, 413, Jardins. Telefone: (11) 3062-9294. Presencial, to go: domingo a quarta-feira das 8h \u00e0s 23h; quinta a s\u00e1bado, das 08h \u00e0 00h. Delivery: das 8h \u00e0s 23h.<br \/>Itaim\u00a0&#8211; Rua Jer\u00f4nimo da Veiga, 179, Itaim Bibi. Telefone: (11) 3071-1769. Presencial, to go e delivery: de segunda-feira das 9h \u00e0s 23h; ter\u00e7a, quarta e domingo das 8h \u00e0s 23h; quinta, sexta e s\u00e1bado, das 8h at\u00e9 00h.<br \/><strong>Morumbi\u00a0<\/strong>&#8211; Av. Dr. Chucri Zaidan, 1240, (Condom\u00ednio Morumbi Corporate Towers), Santo Amaro. Telefone: (11) 3957-9592. Presencial: segunda a sexta-feira das 8h \u00e0s 20h; s\u00e1bado e domingo, das 9h \u00e0s 18h. Delivery: segunda a domingo das 8h \u00e0s 20h<br \/><strong>Cidade Jardim\u00a0<\/strong>&#8211; Av. Magalh\u00e3es de Castro, 12.000 \u2013 Shopping Cidade Jardim 2\u00ba piso. Telefone: (11) 3198-9373. Presencial: segunda a s\u00e1bado das 10h \u00e0s 22h; domingos e feriados das 12h \u00e0s 20h.<\/p>\n<p><br style=\"font-size: 13px; font-family: Arial; orphans: 2; widows: 2; font-variant-ligatures: normal;\" \/><br \/><\/p>\n<p><\/p>\n<p><\/p>\n<iframe src=\"http:\/\/www.facebook.com\/plugins\/like.php?href=http:\/\/www.girosgourmet.com.br\/index.php\/salve-o-brunch\/&amp;layout=standard&amp;show_faces=1&amp;width=450&amp;action=like&amp;colorscheme=light&amp;font=\" scrolling=\"no\" frameborder=\"0\" style=\"border:none; overflow:hidden; width:450px; height:60px\"><\/iframe>","protected":false},"excerpt":{"rendered":"<p>Brunch, termo criado pelo ingl\u00eas Guy Beringer est\u00e1 na moda e n\u00f3s amamos! S\u00e3o Paulo de tempos em tempos, vem oferecendo aos seus comensais muitos lugares agrad\u00e1veis, com composi\u00e7\u00f5es deliciosas que misturam muitas especiarias em pratos criativos e muito saborosos. Os adeptos desta refei\u00e7\u00e3o leve e perfeita para os finais [&hellip;]<\/p>\n","protected":false},"author":3,"featured_media":11979,"comment_status":"open","ping_status":"closed","sticky":false,"template":"","format":"standard","meta":{"footnotes":""},"categories":[39],"tags":[114,2874,2333,2847],"class_list":["post-11978","post","type-post","status-publish","format-standard","has-post-thumbnail","hentry","category-gastronomia","tag-brunch","tag-cafe-da-manha-2","tag-morumbi","tag-santo-grao"],"_links":{"self":[{"href":"http:\/\/www.girosgourmet.com.br\/index.php\/wp-json\/wp\/v2\/posts\/11978","targetHints":{"allow":["GET"]}}],"collection":[{"href":"http:\/\/www.girosgourmet.com.br\/index.php\/wp-json\/wp\/v2\/posts"}],"about":[{"href":"http:\/\/www.girosgourmet.com.br\/index.php\/wp-json\/wp\/v2\/types\/post"}],"author":[{"embeddable":true,"href":"http:\/\/www.girosgourmet.com.br\/index.php\/wp-json\/wp\/v2\/users\/3"}],"replies":[{"embeddable":true,"href":"http:\/\/www.girosgourmet.com.br\/index.php\/wp-json\/wp\/v2\/comments?post=11978"}],"version-history":[{"count":6,"href":"http:\/\/www.girosgourmet.com.br\/index.php\/wp-json\/wp\/v2\/posts\/11978\/revisions"}],"predecessor-version":[{"id":11987,"href":"http:\/\/www.girosgourmet.com.br\/index.php\/wp-json\/wp\/v2\/posts\/11978\/revisions\/11987"}],"wp:featuredmedia":[{"embeddable":true,"href":"http:\/\/www.girosgourmet.com.br\/index.php\/wp-json\/wp\/v2\/media\/11979"}],"wp:attachment":[{"href":"http:\/\/www.girosgourmet.com.br\/index.php\/wp-json\/wp\/v2\/media?parent=11978"}],"wp:term":[{"taxonomy":"category","embeddable":true,"href":"http:\/\/www.girosgourmet.com.br\/index.php\/wp-json\/wp\/v2\/categories?post=11978"},{"taxonomy":"post_tag","embeddable":true,"href":"http:\/\/www.girosgourmet.com.br\/index.php\/wp-json\/wp\/v2\/tags?post=11978"}],"curies":[{"name":"wp","href":"https:\/\/api.w.org\/{rel}","templated":true}]}}