{"id":11827,"date":"2022-10-24T12:35:55","date_gmt":"2022-10-24T15:35:55","guid":{"rendered":"http:\/\/www.girosgourmet.com.br\/?p=11827"},"modified":"2022-10-24T12:36:06","modified_gmt":"2022-10-24T15:36:06","slug":"festival-veve-musica-cinema-e-gastronomia-vegana","status":"publish","type":"post","link":"http:\/\/www.girosgourmet.com.br\/index.php\/festival-veve-musica-cinema-e-gastronomia-vegana\/","title":{"rendered":"Festival Veve: M\u00fasica, Cinema e Gastronomia vegana!"},"content":{"rendered":"\n<p>Parceria entre A Chacrinha, Giros Gourmet e VeVe Gastronomia Vegana prop\u00f5em que sa\u00fade, cultura e divers\u00e3o andam lado a lado!<\/p>\n\n\n\n<figure class=\"wp-block-image size-large\"><img loading=\"lazy\" decoding=\"async\" width=\"720\" height=\"386\" src=\"http:\/\/www.girosgourmet.com.br\/wp-content\/uploads\/2022\/10\/d58074dc-ce42-4044-af17-2ae560b91eff.jpg\" alt=\"\" class=\"wp-image-11828\" srcset=\"http:\/\/www.girosgourmet.com.br\/wp-content\/uploads\/2022\/10\/d58074dc-ce42-4044-af17-2ae560b91eff.jpg 720w, http:\/\/www.girosgourmet.com.br\/wp-content\/uploads\/2022\/10\/d58074dc-ce42-4044-af17-2ae560b91eff-300x161.jpg 300w\" sizes=\"auto, (max-width: 720px) 100vw, 720px\" \/><\/figure>\n\n\n\n<p style=\"text-align: justify;\">Entre os dias 10 e 13 de novembro, acontecer\u00e1 no divertid\u00edssimo espa\u00e7o <strong>A Chacrinha,<\/strong> o <strong>Festival VeVe<\/strong>. Este evento prop\u00f5e um olhar para o movimento vegano de forma leve e divertida! Ioga, alimenta\u00e7\u00e3o saud\u00e1vel (seguindo todos os preceitos da \u201cfilosofia\u201d), cinema, m\u00fasica e uma feira com produtos org\u00e2nicos e veganos, comp\u00f5em as atra\u00e7\u00f5es que o festival ir\u00e1 ofertar nos quatro dias de programa\u00e7\u00e3o.<br \/><br \/><\/p>\n\n\n\n<div class=\"wp-block-image\"><figure class=\"aligncenter size-large\"><img loading=\"lazy\" decoding=\"async\" width=\"822\" height=\"1024\" src=\"http:\/\/www.girosgourmet.com.br\/wp-content\/uploads\/2022\/10\/47da0e17-9701-4621-8a18-14399b6198a2-1-822x1024.jpg\" alt=\"\" class=\"wp-image-11830\" srcset=\"http:\/\/www.girosgourmet.com.br\/wp-content\/uploads\/2022\/10\/47da0e17-9701-4621-8a18-14399b6198a2-1-822x1024.jpg 822w, http:\/\/www.girosgourmet.com.br\/wp-content\/uploads\/2022\/10\/47da0e17-9701-4621-8a18-14399b6198a2-1-241x300.jpg 241w, http:\/\/www.girosgourmet.com.br\/wp-content\/uploads\/2022\/10\/47da0e17-9701-4621-8a18-14399b6198a2-1-768x957.jpg 768w, http:\/\/www.girosgourmet.com.br\/wp-content\/uploads\/2022\/10\/47da0e17-9701-4621-8a18-14399b6198a2-1-1233x1536.jpg 1233w, http:\/\/www.girosgourmet.com.br\/wp-content\/uploads\/2022\/10\/47da0e17-9701-4621-8a18-14399b6198a2-1.jpg 1284w\" sizes=\"auto, (max-width: 822px) 100vw, 822px\" \/><\/figure><\/div>\n\n\n\n<p><\/p>\n\n\n\n<p style=\"text-align: justify;\">No primeiro dia ser\u00e1 oferecido aos visitantes uma aconchegante sess\u00e3o de cinema ao ar livre (A partir das 19h) que ir\u00e1 surpreender com belissimas imagens em um projetor de alta defini\u00e7\u00e3o e caixas sonoras ativas proporcionando uma experi\u00eancia memor\u00e1vel. A escolha do filme <strong>Okja<\/strong>, uma produ\u00e7\u00e3o coreana, tem como mensagem principal a quest\u00e3o do consumo da carne e da publicidade feita com produtos animais. Esta mostra reflete o lado sens\u00edvel do festival e que certamente ir\u00e1 inspirar a olhar e interagir com tudo que o evento apresenta.<\/p>\n\n\n\n<figure class=\"wp-block-image size-large\"><img loading=\"lazy\" decoding=\"async\" width=\"1024\" height=\"758\" src=\"http:\/\/www.girosgourmet.com.br\/wp-content\/uploads\/2022\/10\/9a140071-407b-4525-a53a-63b1d498c08b-1024x758.jpg\" alt=\"\" class=\"wp-image-11831\" srcset=\"http:\/\/www.girosgourmet.com.br\/wp-content\/uploads\/2022\/10\/9a140071-407b-4525-a53a-63b1d498c08b-1024x758.jpg 1024w, http:\/\/www.girosgourmet.com.br\/wp-content\/uploads\/2022\/10\/9a140071-407b-4525-a53a-63b1d498c08b-300x222.jpg 300w, http:\/\/www.girosgourmet.com.br\/wp-content\/uploads\/2022\/10\/9a140071-407b-4525-a53a-63b1d498c08b-768x568.jpg 768w, http:\/\/www.girosgourmet.com.br\/wp-content\/uploads\/2022\/10\/9a140071-407b-4525-a53a-63b1d498c08b-1536x1137.jpg 1536w, http:\/\/www.girosgourmet.com.br\/wp-content\/uploads\/2022\/10\/9a140071-407b-4525-a53a-63b1d498c08b.jpg 1600w\" sizes=\"auto, (max-width: 1024px) 100vw, 1024px\" \/><\/figure>\n\n\n\n<p style=\"text-align: justify;\">No s\u00e1bado dia 12, a partir das 09 da manh\u00e3, ser\u00e1 realizado uma aula especial de yoga com a s\u00eanior Iyengar Yoga teacher <strong>Karina Grecu<\/strong>, Ela iniciou sua jornada em 1997, atrav\u00e9s de <strong>Siddha Yoga Meditation<\/strong>, mantendo-se ligada a essa tradi\u00e7\u00e3o pelos pilares da medita\u00e7\u00e3o e o estudo do Shivaismo da Caxemira at\u00e9 hoje. Ap\u00f3s esta experi\u00eancia incr\u00edvel, ser\u00e1 oferecido aos participantes um caf\u00e9 da manh\u00e3 vegano carinhosamente preparado pela jornalista e estudiosa da gastroterapia vegana, <strong>Cal Ferrari<\/strong>. No mesmo dia, tamb\u00e9m ocorrera a famosa feijoada do Chacrinha, mas neste s\u00e1bado em especial ela ter\u00e1 uma nova releitura, e ser\u00e1 preparada sem nenhum ingrediente de origem animal.<\/p>\n\n\n\n<div class=\"wp-block-image\"><figure class=\"aligncenter size-large\"><img loading=\"lazy\" decoding=\"async\" width=\"768\" height=\"1024\" src=\"http:\/\/www.girosgourmet.com.br\/wp-content\/uploads\/2022\/10\/IMG_9315-1-768x1024.jpg\" alt=\"\" class=\"wp-image-11833\" srcset=\"http:\/\/www.girosgourmet.com.br\/wp-content\/uploads\/2022\/10\/IMG_9315-1-768x1024.jpg 768w, http:\/\/www.girosgourmet.com.br\/wp-content\/uploads\/2022\/10\/IMG_9315-1-225x300.jpg 225w, http:\/\/www.girosgourmet.com.br\/wp-content\/uploads\/2022\/10\/IMG_9315-1-1152x1536.jpg 1152w, http:\/\/www.girosgourmet.com.br\/wp-content\/uploads\/2022\/10\/IMG_9315-1-1536x2048.jpg 1536w, http:\/\/www.girosgourmet.com.br\/wp-content\/uploads\/2022\/10\/IMG_9315-1-scaled.jpg 1920w\" sizes=\"auto, (max-width: 768px) 100vw, 768px\" \/><\/figure><\/div>\n\n\n\n<p><\/p>\n\n\n\n<p style=\"text-align: justify;\">A gastronomia vegana tem tido um grande crescimento ao redor do mundo, e, para ampliar esta rede e apresentar sabores e aromas poss\u00edveis sem crueldade animal, Cal Ferrari ainda trar\u00e1 um de seus pratos mais ic\u00f4nicos para o almo\u00e7o no dia 13. Seu famoso <strong>Curry vegano,<\/strong> possui uma combina\u00e7\u00e3o de especiarias, ervas e legumes arom\u00e1ticos que certamente perfumara todo o ambiente. Imperd\u00edvel!<\/p>\n\n\n\n<figure class=\"wp-block-image size-large\"><img loading=\"lazy\" decoding=\"async\" width=\"1007\" height=\"1024\" src=\"http:\/\/www.girosgourmet.com.br\/wp-content\/uploads\/2022\/10\/a9bea967-e151-427f-b051-bcb16236b02e-1007x1024.jpg\" alt=\"\" class=\"wp-image-11834\" srcset=\"http:\/\/www.girosgourmet.com.br\/wp-content\/uploads\/2022\/10\/a9bea967-e151-427f-b051-bcb16236b02e-1007x1024.jpg 1007w, http:\/\/www.girosgourmet.com.br\/wp-content\/uploads\/2022\/10\/a9bea967-e151-427f-b051-bcb16236b02e-295x300.jpg 295w, http:\/\/www.girosgourmet.com.br\/wp-content\/uploads\/2022\/10\/a9bea967-e151-427f-b051-bcb16236b02e-768x781.jpg 768w, http:\/\/www.girosgourmet.com.br\/wp-content\/uploads\/2022\/10\/a9bea967-e151-427f-b051-bcb16236b02e.jpg 1259w\" sizes=\"auto, (max-width: 1007px) 100vw, 1007px\" \/><\/figure>\n\n\n\n<p style=\"text-align: justify;\">O evento conta ainda com apresenta\u00e7\u00f5es musicais, como a participa\u00e7\u00e3o do <strong>DJ Captain Wander<\/strong> e sua <strong>Kombi musical<\/strong> (Sabado dia 12), que chegar\u00e1 carregado de discos de vinil, positividade e muita intera\u00e7\u00e3o com o p\u00fablico. No repertorio, muito jazz, samba rock, house music e o que mais o p\u00fablico possa imaginar.<br \/><br \/>O festival que est\u00e1 sendo idealizado pelo publicit\u00e1rio <strong>Adriano Carvalho<\/strong>, pela editora da Giros Gourmet <strong>Carla Palmieri<\/strong> e pela jornalista <strong>Cal Ferrari<\/strong>, ainda trar\u00e1 uma feira org\u00e2nica, document\u00e1rio sobre a import\u00e2ncia do veganismo, al\u00e9m de outras pequenas interven\u00e7\u00f5es durante o final de semana.<\/p>\n\n\n\n<p>Para compras de ingressos antecipados, <strong><a href=\"https:\/\/www.sympla.com.br\/festival-veve__1764562?share_id=1korn\" data-type=\"URL\" data-id=\"https:\/\/www.sympla.com.br\/festival-veve__1764562?share_id=1korn\">CLIQUE AQUI!<\/a><\/strong><\/p>\n\n\n\n<p>Esperamos voc\u00eas por l\u00e1!<\/p>\n\n\n\n<p><strong>Servi\u00e7o<\/strong><br>Festival Veve<br>10 a 13 de novembro!<br>Rua Aroaba, 51 &#8211; Vila Leopoldina-S\u00e3o Paulo, SP<br>Informa\u00e7\u00f5es: (11) 98331-6721<br>@festivalveve<br>Ingressos antecipados: <a href=\"https:\/\/www.sympla.com.br\/festival-veve__1764562?share_id=1korn\">https:\/\/www.sympla.com.br\/festival-veve__1764562?share_id=1korn<\/a><\/p>\n<iframe src=\"http:\/\/www.facebook.com\/plugins\/like.php?href=http:\/\/www.girosgourmet.com.br\/index.php\/festival-veve-musica-cinema-e-gastronomia-vegana\/&amp;layout=standard&amp;show_faces=1&amp;width=450&amp;action=like&amp;colorscheme=light&amp;font=\" scrolling=\"no\" frameborder=\"0\" style=\"border:none; overflow:hidden; width:450px; height:60px\"><\/iframe>","protected":false},"excerpt":{"rendered":"<p>Parceria entre A Chacrinha, Giros Gourmet e VeVe Gastronomia Vegana prop\u00f5em que sa\u00fade, cultura e divers\u00e3o andam lado a lado! Entre os dias 10 e 13 de novembro, acontecer\u00e1 no divertid\u00edssimo espa\u00e7o A Chacrinha, o Festival VeVe. Este evento prop\u00f5e um olhar para o movimento vegano de forma leve e [&hellip;]<\/p>\n","protected":false},"author":3,"featured_media":0,"comment_status":"open","ping_status":"closed","sticky":false,"template":"","format":"standard","meta":{"footnotes":""},"categories":[40,39,2709],"tags":[2618,1674,2859],"class_list":["post-11827","post","type-post","status-publish","format-standard","hentry","category-culturamodabelezabem-estar","category-gastronomia","category-veggie-food","tag-a-chacrinha","tag-festival-gastronomico","tag-gastronomia-vegana"],"_links":{"self":[{"href":"http:\/\/www.girosgourmet.com.br\/index.php\/wp-json\/wp\/v2\/posts\/11827","targetHints":{"allow":["GET"]}}],"collection":[{"href":"http:\/\/www.girosgourmet.com.br\/index.php\/wp-json\/wp\/v2\/posts"}],"about":[{"href":"http:\/\/www.girosgourmet.com.br\/index.php\/wp-json\/wp\/v2\/types\/post"}],"author":[{"embeddable":true,"href":"http:\/\/www.girosgourmet.com.br\/index.php\/wp-json\/wp\/v2\/users\/3"}],"replies":[{"embeddable":true,"href":"http:\/\/www.girosgourmet.com.br\/index.php\/wp-json\/wp\/v2\/comments?post=11827"}],"version-history":[{"count":1,"href":"http:\/\/www.girosgourmet.com.br\/index.php\/wp-json\/wp\/v2\/posts\/11827\/revisions"}],"predecessor-version":[{"id":11835,"href":"http:\/\/www.girosgourmet.com.br\/index.php\/wp-json\/wp\/v2\/posts\/11827\/revisions\/11835"}],"wp:attachment":[{"href":"http:\/\/www.girosgourmet.com.br\/index.php\/wp-json\/wp\/v2\/media?parent=11827"}],"wp:term":[{"taxonomy":"category","embeddable":true,"href":"http:\/\/www.girosgourmet.com.br\/index.php\/wp-json\/wp\/v2\/categories?post=11827"},{"taxonomy":"post_tag","embeddable":true,"href":"http:\/\/www.girosgourmet.com.br\/index.php\/wp-json\/wp\/v2\/tags?post=11827"}],"curies":[{"name":"wp","href":"https:\/\/api.w.org\/{rel}","templated":true}]}}