{"id":11819,"date":"2022-10-18T00:06:28","date_gmt":"2022-10-18T03:06:28","guid":{"rendered":"http:\/\/www.girosgourmet.com.br\/?p=11819"},"modified":"2022-10-17T19:14:48","modified_gmt":"2022-10-17T22:14:48","slug":"gastronomia-brasileira-ganha-destaque-em-exposicao-fotografica","status":"publish","type":"post","link":"http:\/\/www.girosgourmet.com.br\/index.php\/gastronomia-brasileira-ganha-destaque-em-exposicao-fotografica\/","title":{"rendered":"Gastronomia brasileira ganha destaque em exposi\u00e7\u00e3o fotogr\u00e1fica."},"content":{"rendered":"\n<p><em>Projeto &#8220;Saberes e Sabores&#8221;, idealizado pela Muller Cultural, convidou nove chefs de cozinha para revelar receitas autorais de pratos brasileiros<\/em>.<\/p>\n\n\n\n<figure class=\"wp-block-image size-large\"><img loading=\"lazy\" decoding=\"async\" width=\"1024\" height=\"1024\" src=\"http:\/\/www.girosgourmet.com.br\/wp-content\/uploads\/2022\/10\/9C14A7E3-CD66-4B29-8197-482A83C29A39-1024x1024.jpg\" alt=\"\" class=\"wp-image-11820\" srcset=\"http:\/\/www.girosgourmet.com.br\/wp-content\/uploads\/2022\/10\/9C14A7E3-CD66-4B29-8197-482A83C29A39-1024x1024.jpg 1024w, http:\/\/www.girosgourmet.com.br\/wp-content\/uploads\/2022\/10\/9C14A7E3-CD66-4B29-8197-482A83C29A39-300x300.jpg 300w, http:\/\/www.girosgourmet.com.br\/wp-content\/uploads\/2022\/10\/9C14A7E3-CD66-4B29-8197-482A83C29A39-150x150.jpg 150w, http:\/\/www.girosgourmet.com.br\/wp-content\/uploads\/2022\/10\/9C14A7E3-CD66-4B29-8197-482A83C29A39-768x768.jpg 768w, http:\/\/www.girosgourmet.com.br\/wp-content\/uploads\/2022\/10\/9C14A7E3-CD66-4B29-8197-482A83C29A39-1536x1536.jpg 1536w, http:\/\/www.girosgourmet.com.br\/wp-content\/uploads\/2022\/10\/9C14A7E3-CD66-4B29-8197-482A83C29A39-2048x2048.jpg 2048w, http:\/\/www.girosgourmet.com.br\/wp-content\/uploads\/2022\/10\/9C14A7E3-CD66-4B29-8197-482A83C29A39-100x100.jpg 100w\" sizes=\"auto, (max-width: 1024px) 100vw, 1024px\" \/><\/figure>\n\n\n\n<p style=\"text-align: justify;\">Desde o dia 15 de outubro, a <strong>cafeteria Santos Best Coffee<\/strong>, na cidade de<strong> Santos (SP)<\/strong>, recebe a exposi\u00e7\u00e3o Saberes e Sabores, uma exposi\u00e7\u00e3o fotogr\u00e1fica e interativa, idealizada pela <strong>Muller Cultural<\/strong>, que busca destacar, valorizar e resgatar a riqueza da cultura e gastronomia brasileira. O evento \u00e9 gratuito e at\u00e9 o dia 03 de novembro, os visitantes poder\u00e3o se deliciar com o registro das imagens de pratos incr\u00edveis preparados por nove chefs de cozinha convidados que contribu\u00edram com o que sabem fazer de melhor e al\u00e9m de criar conte\u00fado especialmente para o projeto cultural.<\/p>\n\n\n\n<p style=\"text-align: justify;\">Atrav\u00e9s de uma sele\u00e7\u00e3o de fotos e realidade aumentada, as receitas elaboradas v\u00e3o contar hist\u00f3rias, resgatar mem\u00f3rias, falar da natureza e da cultura e se transformar em saborosos pratos da gastronomia brasileira. Entre os chefs convidados est\u00e3o: <strong>Nick Kikuda, Jeovane Evangelista Sacramento, Wandersson Medeiros, Anouk Migotto, Ajay Kaintura, Edvar Ramos Kisanucki, Igor Furlan, Marcela Lermy Mingnorance e Colin Rebelo<\/strong>, conhecidos pelo trabalho que desenvolvem com ingredientes da culin\u00e1ria brasileira.<\/p>\n<p style=\"text-align: justify;\">\u00a0A exposi\u00e7\u00e3o <strong>Saberes e Sabores<\/strong> tem como objetivo evidenciar as influ\u00eancias e legados das etnias e dos biomas nas mais variadas receitas e ingredientes, expressando a rica diversidade cultural e gastron\u00f4mica do Brasil. Atrav\u00e9s dos ingredientes que foram utilizados nas receitas, o visitante vai se deparar com uma hist\u00f3ria que vai homenagear a diversidade cultural do pa\u00eds e seus reflexos na gastronomia nacional.<\/p>\n<p style=\"text-align: justify;\">\u00a0O visitante poder\u00e1 apreciar uma sele\u00e7\u00e3o super especial de imagens, que v\u00e3o revelar o processo de constru\u00e7\u00e3o de cada receita. Al\u00e9m disso, a exposi\u00e7\u00e3o Saberes e Sabores vai proporcionar uma experi\u00eancia imersiva por meio da realidade aumentada.<\/p>\n\n\n\n<p style=\"text-align: justify;\">A realidade aumentada \u00e9 uma experi\u00eancia que integra por <strong>aplicativo<\/strong> o mundo real e virtual em uma experi\u00eancia \u00fanica. Na exposi\u00e7\u00e3o, as imagens expostas e do livro ter\u00e3o um selo informando que aquela foto possui realidade aumentada.\u00a0Os visitantes que desejarem experimentar esse momento diferente, dever\u00e3o <strong>baixar o aplicativo Muller Cultural, dispon\u00edvel no Google Play e Apple Store<\/strong>, e apontar seu celular ou tablet para a imagem, buscar o projeto Saberes e Sabores para acessar o conte\u00fado interativo. A realidade aumentada traz um conte\u00fado projetado integralmente com o ambiente, ou seja, um efeito realista e tridimensional.<\/p>\n\n\n\n<p style=\"text-align: justify;\">Uma das premissas dos projetos da Muller Cultural \u00e9 fomentar o acesso \u00e0 cultura, por isso, a exposi\u00e7\u00e3o Saberes e Sabores \u00e9 aberta ao p\u00fablico e totalmente gratuita.\u00a0<\/p>\n\n\n\n<p><strong>Servi\u00e7o&nbsp;<\/strong><\/p>\n\n\n\n<p>Exposi\u00e7\u00e3o cultural \u201cSaberes e Sabores\u2019<br><strong>Data: 15\/10 a 03\/11<\/strong><br><strong>Onde:<\/strong> Cafeteria Santos Best Coffe &#8211; R. Pedro II, 55-95 &#8211; Santos (Centro)<br><strong>Quanto: <\/strong>Gratuito<\/p>\n<iframe src=\"http:\/\/www.facebook.com\/plugins\/like.php?href=http:\/\/www.girosgourmet.com.br\/index.php\/gastronomia-brasileira-ganha-destaque-em-exposicao-fotografica\/&amp;layout=standard&amp;show_faces=1&amp;width=450&amp;action=like&amp;colorscheme=light&amp;font=\" scrolling=\"no\" frameborder=\"0\" style=\"border:none; overflow:hidden; width:450px; height:60px\"><\/iframe>","protected":false},"excerpt":{"rendered":"<p>Projeto &#8220;Saberes e Sabores&#8221;, idealizado pela Muller Cultural, convidou nove chefs de cozinha para revelar receitas autorais de pratos brasileiros. Desde o dia 15 de outubro, a cafeteria Santos Best Coffee, na cidade de Santos (SP), recebe a exposi\u00e7\u00e3o Saberes e Sabores, uma exposi\u00e7\u00e3o fotogr\u00e1fica e interativa, idealizada pela Muller [&hellip;]<\/p>\n","protected":false},"author":3,"featured_media":0,"comment_status":"open","ping_status":"closed","sticky":false,"template":"","format":"standard","meta":{"footnotes":""},"categories":[40,39],"tags":[1190,2819],"class_list":["post-11819","post","type-post","status-publish","format-standard","hentry","category-culturamodabelezabem-estar","category-gastronomia","tag-exposicao-fotografica","tag-santos"],"_links":{"self":[{"href":"http:\/\/www.girosgourmet.com.br\/index.php\/wp-json\/wp\/v2\/posts\/11819","targetHints":{"allow":["GET"]}}],"collection":[{"href":"http:\/\/www.girosgourmet.com.br\/index.php\/wp-json\/wp\/v2\/posts"}],"about":[{"href":"http:\/\/www.girosgourmet.com.br\/index.php\/wp-json\/wp\/v2\/types\/post"}],"author":[{"embeddable":true,"href":"http:\/\/www.girosgourmet.com.br\/index.php\/wp-json\/wp\/v2\/users\/3"}],"replies":[{"embeddable":true,"href":"http:\/\/www.girosgourmet.com.br\/index.php\/wp-json\/wp\/v2\/comments?post=11819"}],"version-history":[{"count":1,"href":"http:\/\/www.girosgourmet.com.br\/index.php\/wp-json\/wp\/v2\/posts\/11819\/revisions"}],"predecessor-version":[{"id":11821,"href":"http:\/\/www.girosgourmet.com.br\/index.php\/wp-json\/wp\/v2\/posts\/11819\/revisions\/11821"}],"wp:attachment":[{"href":"http:\/\/www.girosgourmet.com.br\/index.php\/wp-json\/wp\/v2\/media?parent=11819"}],"wp:term":[{"taxonomy":"category","embeddable":true,"href":"http:\/\/www.girosgourmet.com.br\/index.php\/wp-json\/wp\/v2\/categories?post=11819"},{"taxonomy":"post_tag","embeddable":true,"href":"http:\/\/www.girosgourmet.com.br\/index.php\/wp-json\/wp\/v2\/tags?post=11819"}],"curies":[{"name":"wp","href":"https:\/\/api.w.org\/{rel}","templated":true}]}}