{"id":11771,"date":"2022-09-06T12:21:22","date_gmt":"2022-09-06T15:21:22","guid":{"rendered":"http:\/\/www.girosgourmet.com.br\/?p=11771"},"modified":"2022-09-06T12:21:39","modified_gmt":"2022-09-06T15:21:39","slug":"santo-grao-ambiente-acolhedor-e-otimas-receitas","status":"publish","type":"post","link":"http:\/\/www.girosgourmet.com.br\/index.php\/santo-grao-ambiente-acolhedor-e-otimas-receitas\/","title":{"rendered":"Santo Gr\u00e3o \u2013 Ambiente acolhedor e \u00f3timas receitas!"},"content":{"rendered":"\n<div class=\"wp-block-image\"><figure class=\"aligncenter size-large\"><img loading=\"lazy\" decoding=\"async\" width=\"480\" height=\"640\" src=\"http:\/\/www.girosgourmet.com.br\/wp-content\/uploads\/2022\/09\/santo-grao-ambiente.jpg\" alt=\"\" class=\"wp-image-11772\" srcset=\"http:\/\/www.girosgourmet.com.br\/wp-content\/uploads\/2022\/09\/santo-grao-ambiente.jpg 480w, http:\/\/www.girosgourmet.com.br\/wp-content\/uploads\/2022\/09\/santo-grao-ambiente-225x300.jpg 225w\" sizes=\"auto, (max-width: 480px) 100vw, 480px\" \/><\/figure><\/div>\n\n\n\n<p><\/p>\n\n\n\n<p style=\"text-align: justify;\">Velho conhecido dos paulistanos, fomos conhecer uma das unidades do <strong>Santo Gr\u00e3o<\/strong>, no bairro do Itaim. O lugar conta com restaurante, bar e varanda al\u00e9m de um terra\u00e7o com uma charmosa vista para a rua Jer\u00f4nimo da Veiga.<\/p>\n\n\n\n<div class=\"wp-block-image\"><figure class=\"aligncenter size-large\"><img loading=\"lazy\" decoding=\"async\" width=\"480\" height=\"640\" src=\"http:\/\/www.girosgourmet.com.br\/wp-content\/uploads\/2022\/09\/Santo-grao-pastel.jpg\" alt=\"\" class=\"wp-image-11773\" srcset=\"http:\/\/www.girosgourmet.com.br\/wp-content\/uploads\/2022\/09\/Santo-grao-pastel.jpg 480w, http:\/\/www.girosgourmet.com.br\/wp-content\/uploads\/2022\/09\/Santo-grao-pastel-225x300.jpg 225w\" sizes=\"auto, (max-width: 480px) 100vw, 480px\" \/><\/figure><\/div>\n\n\n\n<p><\/p>\n\n\n\n<p style=\"text-align: justify;\">Iniciamos o nosso almo\u00e7o com os <strong>Past\u00e9is de Queijo do Serro<\/strong> (R$28) past\u00e9is crocantes e sequinhos recheados com queijo de sabor pronunciado. A geleia de cambuci e o apimentado <em>sweet chili<\/em> deram os toques necess\u00e1rios ao petisco trazendo boas sensa\u00e7\u00f5es ao palato.<\/p>\n\n\n\n<div class=\"wp-block-image\"><figure class=\"aligncenter size-large\"><img loading=\"lazy\" decoding=\"async\" width=\"480\" height=\"640\" src=\"http:\/\/www.girosgourmet.com.br\/wp-content\/uploads\/2022\/09\/Santo-grao-bruschetta.jpg\" alt=\"\" class=\"wp-image-11774\" srcset=\"http:\/\/www.girosgourmet.com.br\/wp-content\/uploads\/2022\/09\/Santo-grao-bruschetta.jpg 480w, http:\/\/www.girosgourmet.com.br\/wp-content\/uploads\/2022\/09\/Santo-grao-bruschetta-225x300.jpg 225w\" sizes=\"auto, (max-width: 480px) 100vw, 480px\" \/><\/figure><\/div>\n\n\n\n<p><\/p>\n\n\n\n<p style=\"text-align: justify;\">Outra aposta no menu de entradas ficou por conta das <strong>Bruschettas com tomates<\/strong> de defuma\u00e7\u00e3o r\u00e1pida (R$25). Tomates defumados com casca de pessegueiro e macieira e manjeric\u00e3o sobre pasta. Quem gosta de sentir alguns alimentos expostos \u00e0 fuma\u00e7a, modificando o seu sabor original, deve prov\u00e1-lo. Eu, particularmente, acho um pouco enjoativo e n\u00e3o consigo distinguir a participa\u00e7\u00e3o dos ingredientes selecionados.<\/p>\n\n\n\n<div class=\"wp-block-image\"><figure class=\"aligncenter size-large\"><img loading=\"lazy\" decoding=\"async\" width=\"480\" height=\"640\" src=\"http:\/\/www.girosgourmet.com.br\/wp-content\/uploads\/2022\/09\/Santo-grao-salada-1.jpg\" alt=\"\" class=\"wp-image-11777\" srcset=\"http:\/\/www.girosgourmet.com.br\/wp-content\/uploads\/2022\/09\/Santo-grao-salada-1.jpg 480w, http:\/\/www.girosgourmet.com.br\/wp-content\/uploads\/2022\/09\/Santo-grao-salada-1-225x300.jpg 225w\" sizes=\"auto, (max-width: 480px) 100vw, 480px\" \/><\/figure><\/div>\n\n\n\n<p style=\"text-align: justify;\">Provamos tamb\u00e9m a salada <strong>Ni\u00e7oise Vegetariana <\/strong>(R$61,00), salada farta, brilhante, colorida, composta por mini alface romana, queijo coalho grelhado e fatiado em l\u00e2minas, tomate italiano assado, picles de cebola e manjeric\u00e3o. Uma refei\u00e7\u00e3o completa, leve e satisfat\u00f3ria.<\/p>\n\n\n\n<div class=\"wp-block-image\"><figure class=\"aligncenter size-large\"><img loading=\"lazy\" decoding=\"async\" width=\"480\" height=\"640\" src=\"http:\/\/www.girosgourmet.com.br\/wp-content\/uploads\/2022\/09\/Santo-grao-atum.jpg\" alt=\"\" class=\"wp-image-11778\" srcset=\"http:\/\/www.girosgourmet.com.br\/wp-content\/uploads\/2022\/09\/Santo-grao-atum.jpg 480w, http:\/\/www.girosgourmet.com.br\/wp-content\/uploads\/2022\/09\/Santo-grao-atum-225x300.jpg 225w\" sizes=\"auto, (max-width: 480px) 100vw, 480px\" \/><\/figure><\/div>\n\n\n\n<p><\/p>\n\n\n\n<p style=\"text-align: justify;\">Como prato principal sugiro o <strong>Atum em Crosta de Gergelim Branco e Preto<\/strong> (R$ 89,00), com pur\u00ea de batatas com wasabi, cogumelos salteados com tomatinhos, saqu\u00ea, shoyu e cebolinhas. Generosas e brilhantes fatias chegam de forma harmoniosa e com \u00f3tima cor, seladas como se deve, e a croc\u00e2ncia do gergelim sempre causa uma boa sensa\u00e7\u00e3o. Chega \u00e0 mesa com execu\u00e7\u00e3o elaborada, bonito de se ver. Vale o espet\u00e1culo!<\/p>\n\n\n\n<div class=\"wp-block-image\"><figure class=\"aligncenter size-large\"><img loading=\"lazy\" decoding=\"async\" width=\"768\" height=\"1024\" src=\"http:\/\/www.girosgourmet.com.br\/wp-content\/uploads\/2022\/09\/santo-grao-sobremesa-768x1024.jpg\" alt=\"\" class=\"wp-image-11779\" srcset=\"http:\/\/www.girosgourmet.com.br\/wp-content\/uploads\/2022\/09\/santo-grao-sobremesa-768x1024.jpg 768w, http:\/\/www.girosgourmet.com.br\/wp-content\/uploads\/2022\/09\/santo-grao-sobremesa-225x300.jpg 225w, http:\/\/www.girosgourmet.com.br\/wp-content\/uploads\/2022\/09\/santo-grao-sobremesa-1152x1536.jpg 1152w, http:\/\/www.girosgourmet.com.br\/wp-content\/uploads\/2022\/09\/santo-grao-sobremesa.jpg 1512w\" sizes=\"auto, (max-width: 768px) 100vw, 768px\" \/><\/figure><\/div>\n\n\n\n<p><\/p>\n\n\n\n<p style=\"text-align: justify;\">Sobremesa aqui, uma mais tentadora que a outra, apostamos na refrescante <strong>Pavlova<\/strong> (R$33,00), merengue com frutas vermelhas e chantilly de vanilla. Deliciosa, crocante, doce na medida certa. Um super doce, no qual as frutas c\u00edtricas faziam, a cada garfada, um contraponto interessante. Sobremesa dos deuses, sem contar a sua beleza constru\u00edda em detalhes.\u00a0<\/p>\n\n\n\n<p style=\"text-align: justify;\">Varanda que traz aconchego, servi\u00e7o gentil, card\u00e1pio generoso, receitas fartas. Lugar perfeito para um caf\u00e9 ou uma refei\u00e7\u00e3o charmosa. Vale a visita!<\/p>\n\n\n\n<p>Servi\u00e7o<br>Rua Jeronimo da Veiga, 179 \u2013 Itaim Bibi \u2013 SP<\/p>\n\n\n\n<p>Domingo a ter\u00e7a das 08:00 as 00:00 (segunda a partir das 09:00), Quarta a s\u00e1bado 08:00 as 00:40<br>Domingo a ter\u00e7a das 08:00 as 00:00 (segunda a partir das 09:00), Quarta a s\u00e1bado 08:00 as 00:40<br><strong>Telefones\/Reservas\/Eventos <\/strong><a rel=\"noreferrer noopener\" href=\"https:\/\/api.whatsapp.com\/send?phone=55551130713169\" target=\"_blank\">+55 11 3071-3169<\/a> (11) 3071-3169<\/p>\n<iframe src=\"http:\/\/www.facebook.com\/plugins\/like.php?href=http:\/\/www.girosgourmet.com.br\/index.php\/santo-grao-ambiente-acolhedor-e-otimas-receitas\/&amp;layout=standard&amp;show_faces=1&amp;width=450&amp;action=like&amp;colorscheme=light&amp;font=\" scrolling=\"no\" frameborder=\"0\" style=\"border:none; overflow:hidden; width:450px; height:60px\"><\/iframe>","protected":false},"excerpt":{"rendered":"<p>Velho conhecido dos paulistanos, fomos conhecer uma das unidades do Santo Gr\u00e3o, no bairro do Itaim. O lugar conta com restaurante, bar e varanda al\u00e9m de um terra\u00e7o com uma charmosa vista para a rua Jer\u00f4nimo da Veiga. Iniciamos o nosso almo\u00e7o com os Past\u00e9is de Queijo do Serro (R$28) [&hellip;]<\/p>\n","protected":false},"author":3,"featured_media":0,"comment_status":"open","ping_status":"closed","sticky":false,"template":"","format":"standard","meta":{"footnotes":""},"categories":[39],"tags":[2371,1504],"class_list":["post-11771","post","type-post","status-publish","format-standard","hentry","category-gastronomia","tag-giro-da-semana","tag-itaim-bibi"],"_links":{"self":[{"href":"http:\/\/www.girosgourmet.com.br\/index.php\/wp-json\/wp\/v2\/posts\/11771","targetHints":{"allow":["GET"]}}],"collection":[{"href":"http:\/\/www.girosgourmet.com.br\/index.php\/wp-json\/wp\/v2\/posts"}],"about":[{"href":"http:\/\/www.girosgourmet.com.br\/index.php\/wp-json\/wp\/v2\/types\/post"}],"author":[{"embeddable":true,"href":"http:\/\/www.girosgourmet.com.br\/index.php\/wp-json\/wp\/v2\/users\/3"}],"replies":[{"embeddable":true,"href":"http:\/\/www.girosgourmet.com.br\/index.php\/wp-json\/wp\/v2\/comments?post=11771"}],"version-history":[{"count":1,"href":"http:\/\/www.girosgourmet.com.br\/index.php\/wp-json\/wp\/v2\/posts\/11771\/revisions"}],"predecessor-version":[{"id":11780,"href":"http:\/\/www.girosgourmet.com.br\/index.php\/wp-json\/wp\/v2\/posts\/11771\/revisions\/11780"}],"wp:attachment":[{"href":"http:\/\/www.girosgourmet.com.br\/index.php\/wp-json\/wp\/v2\/media?parent=11771"}],"wp:term":[{"taxonomy":"category","embeddable":true,"href":"http:\/\/www.girosgourmet.com.br\/index.php\/wp-json\/wp\/v2\/categories?post=11771"},{"taxonomy":"post_tag","embeddable":true,"href":"http:\/\/www.girosgourmet.com.br\/index.php\/wp-json\/wp\/v2\/tags?post=11771"}],"curies":[{"name":"wp","href":"https:\/\/api.w.org\/{rel}","templated":true}]}}