{"id":11708,"date":"2022-07-21T19:05:05","date_gmt":"2022-07-21T22:05:05","guid":{"rendered":"http:\/\/www.girosgourmet.com.br\/?p=11708"},"modified":"2022-07-21T19:05:17","modified_gmt":"2022-07-21T22:05:17","slug":"piraja-realiza-mais-uma-edicao-do-samba-do-trabalhador","status":"publish","type":"post","link":"http:\/\/www.girosgourmet.com.br\/index.php\/piraja-realiza-mais-uma-edicao-do-samba-do-trabalhador\/","title":{"rendered":"Piraj\u00e1 realiza mais uma edi\u00e7\u00e3o do Samba do Trabalhador."},"content":{"rendered":"\n<figure class=\"wp-block-image size-large\"><img loading=\"lazy\" decoding=\"async\" width=\"916\" height=\"612\" src=\"http:\/\/www.girosgourmet.com.br\/wp-content\/uploads\/2022\/07\/image001.jpg\" alt=\"\" class=\"wp-image-11709\" srcset=\"http:\/\/www.girosgourmet.com.br\/wp-content\/uploads\/2022\/07\/image001.jpg 916w, http:\/\/www.girosgourmet.com.br\/wp-content\/uploads\/2022\/07\/image001-300x200.jpg 300w, http:\/\/www.girosgourmet.com.br\/wp-content\/uploads\/2022\/07\/image001-768x513.jpg 768w\" sizes=\"auto, (max-width: 916px) 100vw, 916px\" \/><\/figure>\n\n\n\n<p style=\"text-align: justify;\">H\u00e1 quase 20 anos, uma roda de samba parou o Andara\u00ed, no Rio de Janeiro, em plena segunda-feira \u00e0 tarde, atraindo trabalhadores de todas as partes da cidade. Hoje, o <strong>Samba do Trabalhador<\/strong>, como \u00e9 chamado o encontro criado pelo m\u00fasico e compositor <strong>Moacyr Luz<\/strong>, virou um fen\u00f4meno e mais uma vez leva sua anima\u00e7\u00e3o e energia para o Piraj\u00e1, esquina mais carioca de S\u00e3o Paulo. A roda de samba com o grupo acontece dia <strong>23 de julho<\/strong>, s\u00e1bado, a partir de 12h, no<strong> bar da Faria Lima<\/strong>, espa\u00e7o que, inclusive, foi palco da grava\u00e7\u00e3o do segundo DVD do projeto, em 2016.<\/p>\n\n\n\n<p style=\"text-align: justify;\">Regada a chope gelado, caipirinhas e boas comidinhas do card\u00e1pio, a apresenta\u00e7\u00e3o re\u00fane no sal\u00e3o Moacyr, o \u201cpadrinho\u201d do Piraj\u00e1, e os m\u00fasicos Daniel Neves (viol\u00e3o 7 cordas), Alexandre Nunes (voz e cavaco), Gabriel Cavalcante (voz e cavaco), Nego Alvaro (voz e percuss\u00e3o), Nilson Visual (surdo e tamborim), Junior de Oliveira (percuss\u00e3o) e Mingo Silva (voz e pandeiro). Junto com o p\u00fablico, a banda interpreta composi\u00e7\u00f5es cl\u00e1ssicas de Jo\u00e3o Nogueira, Cartola e Paulinho da Viola, al\u00e9m, claro, de sucessos de autoria de Moa, como \u201cToda Hora\u201d, \u201cSaudades da Guanabara\u201d, \u201cCab\u00f4, Meu Pai\u201d, \u201cEstranhou o qu\u00ea?\u201d e \u201cVida da Minha Vida\u201d.<\/p>\n\n\n\n<p><strong>Servi\u00e7o:<\/strong><\/p>\n\n\n\n<p>Av. Brigadeiro Faria Lima, 64 \u2013 Pinheiros.<br>Telefone: (11) 3815-6881<br>Dia 23\/07, a partir das 12h<br>Entrada: gratuita.<\/p>\n<iframe src=\"http:\/\/www.facebook.com\/plugins\/like.php?href=http:\/\/www.girosgourmet.com.br\/index.php\/piraja-realiza-mais-uma-edicao-do-samba-do-trabalhador\/&amp;layout=standard&amp;show_faces=1&amp;width=450&amp;action=like&amp;colorscheme=light&amp;font=\" scrolling=\"no\" frameborder=\"0\" style=\"border:none; overflow:hidden; width:450px; height:60px\"><\/iframe>","protected":false},"excerpt":{"rendered":"<p>H\u00e1 quase 20 anos, uma roda de samba parou o Andara\u00ed, no Rio de Janeiro, em plena segunda-feira \u00e0 tarde, atraindo trabalhadores de todas as partes da cidade. Hoje, o Samba do Trabalhador, como \u00e9 chamado o encontro criado pelo m\u00fasico e compositor Moacyr Luz, virou um fen\u00f4meno e mais [&hellip;]<\/p>\n","protected":false},"author":3,"featured_media":0,"comment_status":"open","ping_status":"closed","sticky":false,"template":"","format":"standard","meta":{"footnotes":""},"categories":[40,39],"tags":[152,2830,2829],"class_list":["post-11708","post","type-post","status-publish","format-standard","hentry","category-culturamodabelezabem-estar","category-gastronomia","tag-bar","tag-piraja","tag-roda-de-samba"],"_links":{"self":[{"href":"http:\/\/www.girosgourmet.com.br\/index.php\/wp-json\/wp\/v2\/posts\/11708","targetHints":{"allow":["GET"]}}],"collection":[{"href":"http:\/\/www.girosgourmet.com.br\/index.php\/wp-json\/wp\/v2\/posts"}],"about":[{"href":"http:\/\/www.girosgourmet.com.br\/index.php\/wp-json\/wp\/v2\/types\/post"}],"author":[{"embeddable":true,"href":"http:\/\/www.girosgourmet.com.br\/index.php\/wp-json\/wp\/v2\/users\/3"}],"replies":[{"embeddable":true,"href":"http:\/\/www.girosgourmet.com.br\/index.php\/wp-json\/wp\/v2\/comments?post=11708"}],"version-history":[{"count":1,"href":"http:\/\/www.girosgourmet.com.br\/index.php\/wp-json\/wp\/v2\/posts\/11708\/revisions"}],"predecessor-version":[{"id":11710,"href":"http:\/\/www.girosgourmet.com.br\/index.php\/wp-json\/wp\/v2\/posts\/11708\/revisions\/11710"}],"wp:attachment":[{"href":"http:\/\/www.girosgourmet.com.br\/index.php\/wp-json\/wp\/v2\/media?parent=11708"}],"wp:term":[{"taxonomy":"category","embeddable":true,"href":"http:\/\/www.girosgourmet.com.br\/index.php\/wp-json\/wp\/v2\/categories?post=11708"},{"taxonomy":"post_tag","embeddable":true,"href":"http:\/\/www.girosgourmet.com.br\/index.php\/wp-json\/wp\/v2\/tags?post=11708"}],"curies":[{"name":"wp","href":"https:\/\/api.w.org\/{rel}","templated":true}]}}