{"id":11561,"date":"2022-04-06T10:28:17","date_gmt":"2022-04-06T13:28:17","guid":{"rendered":"http:\/\/www.girosgourmet.com.br\/?p=11561"},"modified":"2022-04-06T10:28:22","modified_gmt":"2022-04-06T13:28:22","slug":"1-itaim-fest-reune-gastronomia-e-diversas-atracoes-no-proximo-final-semana","status":"publish","type":"post","link":"http:\/\/www.girosgourmet.com.br\/index.php\/1-itaim-fest-reune-gastronomia-e-diversas-atracoes-no-proximo-final-semana\/","title":{"rendered":"1\u00b0 Itaim Fest re\u00fane gastronomia e diversas atra\u00e7\u00f5es no pr\u00f3ximo final semana!"},"content":{"rendered":"\n<figure class=\"wp-block-image size-large is-resized\"><img loading=\"lazy\" decoding=\"async\" src=\"http:\/\/www.girosgourmet.com.br\/wp-content\/uploads\/2022\/04\/Itaim-Fest.jpg\" alt=\"\" class=\"wp-image-11562\" width=\"669\" height=\"444\"\/><\/figure>\n\n\n\n<p style=\"text-align: justify;\">Um dos principais redutos gastron\u00f4micos da cidade de S\u00e3o Paulo, o bairro do Itaim recebe no dia 10 de abril o a <strong>1\u00b0 edi\u00e7\u00e3o do Itaim Fest<\/strong>, festival gastron\u00f4mico que reunir\u00e1 mais de 40 estabelecimentos locais, com objetivo de fortalecer a rela\u00e7\u00e3o do bairro com os restaurantes e dar visibilidade aos estabelecimentos.<\/p>\n\n\n\n<p style=\"text-align: justify;\">O evento contar\u00e1 com uma \u00e1rea de mais de 1.300 metros quadrados, na rua<strong> Bandeira Paulista, entre as ruas Joaquim Floriano e Tabapu\u00e3.<\/strong> Ao todo ser\u00e3o mais de 40 estabelecimentos gastron\u00f4micos participantes distribu\u00eddos em tendas.<\/p>\n\n\n\n<p style=\"text-align: justify;\">O evento ter\u00e1 infraestrutura com seguran\u00e7a, ambul\u00e2ncia, banheiros, identifica\u00e7\u00e3o e card\u00e1pio padronizado, \u00e1rea kids, espa\u00e7o pet e m\u00fasica ao vivo, al\u00e9m de um ponto de ponto de coleta para doa\u00e7\u00e3o de alimentos n\u00e3o perec\u00edveis, que ser\u00e3o encaminhamos para institui\u00e7\u00f5es de caridade.<\/p>\n\n\n\n<p style=\"text-align: justify;\">\u201cO Itaim possui ruas largas e arborizadas, um convite para desfrutar as atra\u00e7\u00f5es do bairro. O Itaim Fest vai oferecer um ambiente agrad\u00e1vel e acolhedor, para promover e potencializar o com\u00e9rcio local\u201d, afirma Benjamin Couri, do restaurante The Taco Shop, um dos organizadores do evento.<\/p>\n\n\n\n<p><strong>1\u00b0 Itaim Fest<br><\/strong>Dia 10 de abril (domingo) \u2013 das 10h \u00e0s 20h<br>Rua Bandeira Paulista \u2013 Itaim Bibi<br>@itaimfest &#8212;<\/p>\n<iframe src=\"http:\/\/www.facebook.com\/plugins\/like.php?href=http:\/\/www.girosgourmet.com.br\/index.php\/1-itaim-fest-reune-gastronomia-e-diversas-atracoes-no-proximo-final-semana\/&amp;layout=standard&amp;show_faces=1&amp;width=450&amp;action=like&amp;colorscheme=light&amp;font=\" scrolling=\"no\" frameborder=\"0\" style=\"border:none; overflow:hidden; width:450px; height:60px\"><\/iframe>","protected":false},"excerpt":{"rendered":"<p>Um dos principais redutos gastron\u00f4micos da cidade de S\u00e3o Paulo, o bairro do Itaim recebe no dia 10 de abril o a 1\u00b0 edi\u00e7\u00e3o do Itaim Fest, festival gastron\u00f4mico que reunir\u00e1 mais de 40 estabelecimentos locais, com objetivo de fortalecer a rela\u00e7\u00e3o do bairro com os restaurantes e dar visibilidade [&hellip;]<\/p>\n","protected":false},"author":3,"featured_media":0,"comment_status":"open","ping_status":"closed","sticky":false,"template":"","format":"standard","meta":{"footnotes":""},"categories":[39],"tags":[2694,1504,2804],"class_list":["post-11561","post","type-post","status-publish","format-standard","hentry","category-gastronomia","tag-evento-de-gastronomia","tag-itaim-bibi","tag-itaim-fest"],"_links":{"self":[{"href":"http:\/\/www.girosgourmet.com.br\/index.php\/wp-json\/wp\/v2\/posts\/11561","targetHints":{"allow":["GET"]}}],"collection":[{"href":"http:\/\/www.girosgourmet.com.br\/index.php\/wp-json\/wp\/v2\/posts"}],"about":[{"href":"http:\/\/www.girosgourmet.com.br\/index.php\/wp-json\/wp\/v2\/types\/post"}],"author":[{"embeddable":true,"href":"http:\/\/www.girosgourmet.com.br\/index.php\/wp-json\/wp\/v2\/users\/3"}],"replies":[{"embeddable":true,"href":"http:\/\/www.girosgourmet.com.br\/index.php\/wp-json\/wp\/v2\/comments?post=11561"}],"version-history":[{"count":1,"href":"http:\/\/www.girosgourmet.com.br\/index.php\/wp-json\/wp\/v2\/posts\/11561\/revisions"}],"predecessor-version":[{"id":11563,"href":"http:\/\/www.girosgourmet.com.br\/index.php\/wp-json\/wp\/v2\/posts\/11561\/revisions\/11563"}],"wp:attachment":[{"href":"http:\/\/www.girosgourmet.com.br\/index.php\/wp-json\/wp\/v2\/media?parent=11561"}],"wp:term":[{"taxonomy":"category","embeddable":true,"href":"http:\/\/www.girosgourmet.com.br\/index.php\/wp-json\/wp\/v2\/categories?post=11561"},{"taxonomy":"post_tag","embeddable":true,"href":"http:\/\/www.girosgourmet.com.br\/index.php\/wp-json\/wp\/v2\/tags?post=11561"}],"curies":[{"name":"wp","href":"https:\/\/api.w.org\/{rel}","templated":true}]}}