{"id":11299,"date":"2021-08-30T18:50:00","date_gmt":"2021-08-30T21:50:00","guid":{"rendered":"http:\/\/www.girosgourmet.com.br\/?p=11299"},"modified":"2021-08-30T18:50:08","modified_gmt":"2021-08-30T21:50:08","slug":"especial-giros-confira-nosso-roteiro-para-o-dia-do-bacon","status":"publish","type":"post","link":"http:\/\/www.girosgourmet.com.br\/index.php\/especial-giros-confira-nosso-roteiro-para-o-dia-do-bacon\/","title":{"rendered":"Especial Giros: Confira nosso roteiro para o Dia do Bacon!"},"content":{"rendered":"\n<p style=\"text-align: justify;\">A data tem como base a tradi\u00e7\u00e3o norte-americana e \u00e9 comemorada no s\u00e1bado que antecede o Dia do Trabalho nos Estados Unidos, celebrado na primeira segunda-feira do m\u00eas de setembro. Aqui no Brasil, este ano, o <strong>Dia do Bacon<\/strong> ser\u00e1 festejado no dia 4 de setembro.\u00a0<\/p>\n\n\n\n<p style=\"text-align: justify;\">Para curtir a data aproveitando as diferentes vers\u00f5es em que esse ingrediente aparece, selecionamos estabelecimentos em S\u00e3o Paulo que oferecem op\u00e7\u00f5es caprichadas para os amantes de bacon. At\u00e9 em bebida ele aparece! Confira:<\/p>\n\n\n\n<figure class=\"wp-block-image is-resized\"><img loading=\"lazy\" decoding=\"async\" src=\"https:\/\/lh6.googleusercontent.com\/yInN5wqBFq58bOaxcOvToCneDPygHJvVZXz9W13_tPzI_7jtEEDlUttgcLGfeLVa2JZAoUVy7GMuo2EDg1sPmJ5MZeHUAXj-4_JPM953-kxEADvhUTrpkHge0vJsFcF-bfSi_VwK=s0\" alt=\"\" width=\"563\" height=\"844\"\/><\/figure>\n\n\n\n<p style=\"text-align: justify;\"><br \/>Bar e restaurante de comida brasileira, o <strong>Orfeu<\/strong>, no t\u00e9rreo do Edif\u00edcio Vila Normanda, numa ruazinha sem tr\u00e1fego junto ao Copan, sugere para a data o \u2018Arrumadinho\u2019, feito com carne seca, paio, calabresa, lombo su\u00edno, feij\u00e3o fradinho, farofa da casa, vinagrete e barriga de porco. (R$56).\u00a0<\/p>\n\n\n\n<p>@orfeu<br>(11) 9.5048-9028<br>Av Ipiranga, 318, bloco A &#8211; S\u00e3o Paulo\/ SP<br>Duo Comunica&nbsp;<\/p>\n\n\n\n<figure class=\"wp-block-image is-resized\"><img loading=\"lazy\" decoding=\"async\" src=\"https:\/\/lh3.googleusercontent.com\/ZauM6L82USWhdiIetBBLxJNgiJCRM0Hebp3cujvK5BDaXnWmOlVyKqjxmxTUsRoVI3pSQsJc9MCOyKU8PW7jztKWGUN6RD5odJabHg5ba2V1tMGlA6xw1PQpBPvM6J0LCVlvf6dQ=s0\" alt=\"\" width=\"568\" height=\"426\"\/><\/figure>\n\n\n\n<p style=\"text-align: justify;\">A rede de culin\u00e1ria havaiana <strong>Let\u2019s Poke<\/strong> inovou no card\u00e1pio de uma de suas unidades. O Let\u2019s Poke Praia, inaugurado este ano, em S\u00e3o Paulo, no bairro de Santana, traz op\u00e7\u00f5es exclusivas, entre elas uma boa pedida para comemorar a data. O <strong>Toast de Ovos com Bacon (R$ 17,90)<\/strong> est\u00e1 entre os Matinais para quem curte um caf\u00e9 da manh\u00e3 caprichado: p\u00e3o ciabatta, ovos mexidos e bacon crocante.<\/p>\n\n\n\n<p>@lets_poke<br>(11) 2389-5754<br><a rel=\"noreferrer noopener\" href=\"https:\/\/www.google.com\/maps\/search\/Rua+Fernando+Sandreschi,+72+-+Santana+-+S%C3%A3o+Paulo?entry=gmail&amp;source=g\" target=\"_blank\">Rua Fernando Sandreschi, 72 &#8211; Santana &#8211; S\u00e3o Paulo<\/a><\/p>\n\n\n\n<p><\/p>\n\n\n\n<figure class=\"wp-block-image is-resized\"><img loading=\"lazy\" decoding=\"async\" src=\"https:\/\/lh3.googleusercontent.com\/D0gchrNbBXqNpYMiHR3d-z2LVXzMpBOwHhRC42VXK2R3FfIFz6VVCn4AjzJR-sJjkQ_cqx72Xu09scDJsYoRRBBSY8DG23OfxBHACq8FT4ifE1V8eZKd_L97oF9aR9Q8RvZV5xLA=s0\" alt=\"\" width=\"566\" height=\"374\"\/><\/figure>\n\n\n\n<p style=\"text-align: justify;\">O <strong>bistr\u00f4 Nonna Lilla<\/strong>, localizado na Vila Carr\u00e3o, em S\u00e3o Paulo, traz caprichados risotos, massas, pratos executivos e os cl\u00e1ssicos. Entre eles, est\u00e1 a op\u00e7\u00e3o em que o bacon \u00e9 protagonista, o <strong>Bordeaux<\/strong>. Ele \u00e9 grelhado com fritas, molho de queijos com ervas, bacon e arroz. Para deixar a refei\u00e7\u00e3o ainda mais completa, \u00e9 poss\u00edvel acrescentar uma prote\u00edna ao prato: frango (R$ 45) ou mignon (R$ 65). Os pedidos podem ser feitos pelo telefone (11) 3853-0253, pelo whatsapp ou pelo link <a href=\"https:\/\/nonnalilla.saipos.com\/\" target=\"_blank\" rel=\"noreferrer noopener\">https:\/\/nonnalilla.saipos.com<\/a>.<\/p>\n\n\n\n<p>@bistrononnalilla<br>Whatsapp: 11 99493-5105<br><a rel=\"noreferrer noopener\" href=\"https:\/\/www.google.com\/maps\/search\/Rua+Evangelina,+864+-+Vila+Carr%C3%A3o+-+S%C3%A3o+Paulo?entry=gmail&amp;source=g\" target=\"_blank\">Rua Evangelina, 864 &#8211; Vila Carr\u00e3o &#8211; S\u00e3o Paulo<\/a><\/p>\n\n\n\n<p><\/p>\n\n\n\n<figure class=\"wp-block-image is-resized\"><img loading=\"lazy\" decoding=\"async\" src=\"https:\/\/lh6.googleusercontent.com\/36teVkdmeKcNXR8CIJ-2W44FoFaddsRx6fNBwsAPtiyADckJEj6z0uDAPR2aP93DlhuJBh_eJz7g-12szKhcWpfbYK9yHWTQn68bGlR-XoIajM1DSP7D6CDh1IUp3WTfQAAByVgn=s0\" alt=\"\" width=\"596\" height=\"449\"\/><\/figure>\n\n\n\n<p style=\"text-align: justify;\">Localizado no bairro de Moema, em S\u00e3o Paulo, h\u00e1 25 anos, o <strong>Al Mare Ristorante<\/strong> se destaca entre as melhores casas de S\u00e3o Paulo especializadas em frutos do mar, tendo \u00e0 frente da cozinha o conhecido chef Allan Vila Espejo que, em homenagem ao Dia do Bacon, criou o prato <strong>Capellini Mare e Monti<\/strong>, <strong>onde a deliciosa massa ganha a combina\u00e7\u00e3o de camar\u00f5es e bacon<\/strong> (R$ 68). O prato poder\u00e1 ser saboreado <strong>a partir do dia 4 em todo o m\u00eas de setembro<\/strong> no atendimento presencial e tamb\u00e9m atrav\u00e9s do delivery, takeway, entregas na regi\u00e3o de Moema e iFood.<\/p>\n\n\n\n<p>@almaremoema<br>(11) 5041-7179<br><a rel=\"noreferrer noopener\" href=\"https:\/\/www.google.com\/maps\/search\/Av.+Pav%C3%A3o,+109+-+Moema++-+S%C3%A3o+Paulo?entry=gmail&amp;source=g\" target=\"_blank\">Av. Pav\u00e3o, 109 &#8211; Moema &#8211; S\u00e3o Paulo<\/a><\/p>\n\n\n\n<p><\/p>\n\n\n\n<figure class=\"wp-block-image is-resized\"><img loading=\"lazy\" decoding=\"async\" src=\"https:\/\/lh4.googleusercontent.com\/eYAsNUOAAWLj6OZRHaNyGEBs_H3DEg9SfT-aW_Dtdry5EcJMDHZlPSPxg6bxTox-3vI8LuyXnyVPRBxMRMUE2wqVFn6cW2wAjh4TLe_ccRhrqvjOqQrQshvxjdo85QK_EKzUGzlz=s0\" alt=\"\" width=\"490\" height=\"492\"\/><\/figure>\n\n\n\n<p style=\"text-align: justify;\">A<strong> Steakhouse VARAL87<\/strong>, localizada no bairro de Moema, em S\u00e3o Paulo, \u00e9 conhecida pelos excelentes cortes premium, grelhados na parrilla e varal de defumados e tem como um dos diferenciais dois bares em seu amplo espa\u00e7o. O <strong>BAR87<\/strong> que acaba de ser inaugurado na entrada da casa, com espera confort\u00e1vel com mesas na cal\u00e7ada \u2013 recebe para o happy hour das 17h \u00e0s 20h. com <strong>double drink<\/strong> e <strong>double chopp<\/strong>, de ter\u00e7a \u00e0 sexta-feira. E outro bar no Quintal do Varal, ambiente externo coberto ao ar livre com bom distanciamento entre as mesas. Em ambos \u00e9 poss\u00edvel pedir petiscos preparados pelo chef Helder Justo e apreciar deliciosos drinks autorais e cl\u00e1ssicos preparados pelos talentosos bartenders Artur Carvalho e Sioney Alves. Para o <strong>Dia do Bacon<\/strong> a sugest\u00e3o \u00e9 o <strong>Blody Mary preparado com bacon defumado no varal (R$ 32,87)<\/strong>, que imprime um sabor muito especial ao drink. Poder\u00e1 ser pedido especialmente de 3 a 5 de setembro, em homenagem \u00e0 data.<\/p>\n\n\n\n<p>@varal87<br>WhatsApp (11) 97222-0240.<br><a rel=\"noreferrer noopener\" href=\"https:\/\/www.google.com\/maps\/search\/Rua+Gra%C3%BAna,+87+-+Moema+-+S%C3%A3o+Paulo?entry=gmail&amp;source=g\" target=\"_blank\">Rua Gra\u00fana, 87 &#8211; Moema &#8211; S\u00e3o Paulo<\/a><\/p>\n\n\n\n<p><\/p>\n\n\n\n<figure class=\"wp-block-image\"><img decoding=\"async\" src=\"https:\/\/lh5.googleusercontent.com\/6rIvMX4K9dDpptRpWbRJZg3CazkeIOWTel29ZQRZnvrTWaWYTsziDZVdC4OnYFBMwJnalSQNpxOFmWL0j0rB1UZA_DuSWOHylRxKmDBOeM-fkl8NOJtR1Lcx7wBUHMMtH2f0c9aj=s0\" alt=\"\"\/><\/figure>\n\n\n\n<p style=\"text-align: justify;\">Para celebrar o Dia do Bacon, o <strong>Templo da Carne Marcos Bassi<\/strong> preparou sandu\u00edches em combos especiais porque afinal, bacon \u00e9 vida! <strong>De 23\/08\/21 a 04\/09\/21<\/strong> qualquer combo sai por R$ 52,00 no delivery do Templo da Carne Marcos Bassi, de acordo com a disponibilidade do estoque. \u00c9 poss\u00edvel escolher o <strong>Sandu\u00edche de Fraldinha<\/strong>, com carne grelhada na churrasqueira, <strong>Sandu\u00edche de Costela<\/strong>, com costela assada na churrasqueira e <strong>Sandu\u00edche de Calabresa<\/strong>, com calabresa artesanal. O combo inclui queijo prato derretido e bacon especial crocante nos sandu\u00edches, mais uma por\u00e7\u00e3o de batata frita deliciosa e uma Coca-Cola Perfeita Sem A\u00e7\u00facar. Delivery iFood ou retirada no restaurante. Segunda a s\u00e1bado das 10h \u00e0s 23h. Domingo das 10h \u00e0s 19h.<\/p>\n\n\n\n<p>@templodacarnemarcosbassi<br>(11) 3926-6106<br><a rel=\"noreferrer noopener\" href=\"https:\/\/www.google.com\/maps\/search\/Rua+Treze+de+Maio,+668++Bela+Vista+-+SP?entry=gmail&amp;source=g\" target=\"_blank\">Rua Treze de Maio, 668 <\/a>\u2013 <a rel=\"noreferrer noopener\" href=\"https:\/\/www.google.com\/maps\/search\/Rua+Treze+de+Maio,+668++Bela+Vista+-+SP?entry=gmail&amp;source=g\" target=\"_blank\">Bela Vista &#8211; SP<\/a>.<\/p>\n\n\n\n<p><\/p>\n\n\n\n<figure class=\"wp-block-image\"><img decoding=\"async\" src=\"https:\/\/lh5.googleusercontent.com\/OssvvhYoeUvVtHIXJHbNLKeUL4mE-NFYQYPRvW9Wgir-r2yW5t3WGQ8zcjwM0b4ir6PvNCoBb7ncWCYZzpU4g4GkZr4fkbrtZIEeHzoJw0lXefg4Xcs9N9k6KPLqin1UQ26TRDBq=s0\" alt=\"\"\/><\/figure>\n\n\n\n<p style=\"text-align: justify;\">Para os baconlovers, a <strong>Cantagalo Burger<\/strong>, no Tatuap\u00e9, destaca em seu card\u00e1pio o <strong>Feline Burger<\/strong>, com blend de180g, o sanduba \u00e9 feito com red cheddar (cheddar levemente apimentado com peda\u00e7os de bacon), 2 fatias de bacon crispy, muita cebola caramelizada no barbecue, mostarda dijon e picles. O lanche acompanha por\u00e7\u00e3o de fritas individual e molho da casa (R$ 34,90).<\/p>\n\n\n\n<p>@cantagaloburger<br>(11) 2097-2830 \/ (11) 98941-7059<br><a rel=\"noreferrer noopener\" href=\"https:\/\/www.google.com\/maps\/search\/Rua+Cantagalo+383,+Tatuap%C3%A9+-+S%C3%A3o+Paulo?entry=gmail&amp;source=g\" target=\"_blank\">Rua Cantagalo 383, Tatuap\u00e9 &#8211; S\u00e3o Paulo<\/a><\/p>\n\n\n\n<p><\/p>\n\n\n\n<figure class=\"wp-block-image\"><img decoding=\"async\" src=\"https:\/\/lh3.googleusercontent.com\/Bp4ju8xJLko-_BsXCqBAZkx3QJvFVoI9gYlpm2qqtI_JLXq1FcFl4Yvw2YfBWi1JAO6PhWru5PSKKCktfiwZsp8uXuUvFr1cTcTqL06Ew9stDGssK2zLmLFNKyt6GbjNLE9ewLlj=s0\" alt=\"\"\/><\/figure>\n\n\n\n<p style=\"text-align: justify;\">Quem gosta de sandubas simples e com muito sabor, a aposta fica para o <strong>Burger da Rua<\/strong>.\u00a0 Com muros grafitados e portas adesivadas em uma rua tranquila em Moema \u00e9 poss\u00edvel retirar os pedidos no local ou pedir por delivery. A sugest\u00e3o para a data \u00e9 o <strong>X-Bacon da Rua<\/strong>, com blend de 120g, cheddar, bacon e maionese artesanal (R$19,95 s\u00f3 o lanche\/ R$29,97 combo que acompanha bebida e fritas). O seu pedido ainda ajuda pessoas em situa\u00e7\u00e3o de vulnerabilidade social. Isso porque a casa tem um prop\u00f3sito em que a\u00a0 cada dez burgers vendidos, um \u00e9 doado.\u00a0<\/p>\n\n\n\n<p>@burgerdarua<br>WhatsApp: (11) 93200-2900<br><a rel=\"noreferrer noopener\" href=\"https:\/\/www.google.com\/maps\/search\/Rua+Cadineus,+19,+Indian%C3%B3polis?entry=gmail&amp;source=g\" target=\"_blank\">Rua Cadineus, 19, Indian\u00f3polis<\/a><\/p>\n\n\n\n<p>Duo Comunica<\/p>\n\n\n\n<figure class=\"wp-block-image\"><img decoding=\"async\" src=\"https:\/\/lh3.googleusercontent.com\/Zj8keo3sMr2xQJAmUqwfH2kNo16ax67bSaFrlHeGUBtOlPQgzTcyNoLuTeANWhs62f_imKHNBVSso-chsGlnD-zGN_lZDG3y2h1gcr9nDpKmReyz-wLNetnnOUO6ZhzoGZR2eayu=s0\" alt=\"\"\/><\/figure>\n\n\n\n<p style=\"text-align: justify;\">Primeira casa do Brasil dedicada exclusivamente ao avocado, o <strong>Avoca Toast<\/strong> conta em seu card\u00e1pio com <strong>Avoca Ahi Tuna (R$ 42)<\/strong>, que leva avocado Hass fatiado, atum selado fresco, asian slaw, maionese (que pode ser wasabi, kewpie ou Sriracha) e furikake (tempero japon\u00eas crocante \u00e0 base de alga marinha e gergelim torrado), servido no p\u00e3o de hamb\u00farguer e o <strong>Ovol\u00edcia<\/strong> <strong>(R$ 32)<\/strong>, preparado com ovos mexidos, american cheese, aioli, bacon artesanal, r\u00facula e avocado hass. A casa oferece ainda o <strong>BLT(R$ 25)<\/strong>, toast que leva pasta de avocado, bacon artesanal crocante ralado, tomate cereja, r\u00facula e mayo de Sriracha.<\/p>\n\n\n\n<p>@<a rel=\"noreferrer noopener\" href=\"http:\/\/avocatoast.br\/\" target=\"_blank\">avocatoast.br<\/a><br>(11) 3443-0446<br><a rel=\"noreferrer noopener\" href=\"https:\/\/www.google.com\/maps\/search\/Rua+Medeiros+de+Albuquerque,+141?entry=gmail&amp;source=g\" target=\"_blank\">Rua Medeiros de Albuquerque, 141<\/a> \u2013 Beco do Batman \u2013 S\u00e3o Paulo<\/p>\n\n\n\n<p><\/p>\n\n\n\n<figure class=\"wp-block-image\"><img decoding=\"async\" src=\"https:\/\/lh5.googleusercontent.com\/Y3gfpQvLGO62AmGK8eY3nNcHNlCBH0BxmVmCQWgxENdr0asLjfdPWdY8It_WCFRplJ24chKWzsJzmrM-N3PPjNlW7FR1IRe2N6x14i-hPH8SUxNqXTbH87OXCs-2SvyS6KcGkaKi=s0\" alt=\"\"\/><\/figure>\n\n\n\n<p style=\"text-align: justify;\">A casa que oferece o leg\u00edtimo cheesecake estilo nova-iorquino, <strong>Mr Cheesecake<\/strong>, passa a oferecer hamb\u00fargueres, exclusivamente na nova unidade do Itaim. No card\u00e1pio, a sugest\u00e3o para os baconlovers \u00e9 o <strong>Chris P. Bacon (R$ 24,90)<\/strong>, que leva hamb\u00farguer 160g, american cheese, bacon artesanal e maionese da casa. J\u00e1 entre os tradicionais bagels da casa, <strong>o BLT (R$ 25)<\/strong>, leva bacon artesanal, alface e cream cheese. O BLT est\u00e1 dispon\u00edvel tanto na unidade do Itaim quanto na Vila Madalena (sal\u00e3o e delivery).<\/p>\n\n\n\n<p><a rel=\"noreferrer noopener\" href=\"https:\/\/www.instagram.com\/mr_cheesecake_sp\/\" target=\"_blank\">@mr_cheesecake_sp<\/a><br><a rel=\"noreferrer noopener\" href=\"https:\/\/www.google.com\/maps\/search\/sp+Rua+Girassol,+273+-+Vila+Madalena?entry=gmail&amp;source=g\" target=\"_blank\">Rua Girassol, 273 &#8211; Vila Madalena<\/a><br><a rel=\"noreferrer noopener\" href=\"https:\/\/www.google.com\/maps\/search\/Rua+Professor+Carlos+de+Carvalho,+168++Itaim+Bibi?entry=gmail&amp;source=g\" target=\"_blank\">Rua Professor Carlos de Carvalho, 168 <\/a>\u2013 <a rel=\"noreferrer noopener\" href=\"https:\/\/www.google.com\/maps\/search\/Rua+Professor+Carlos+de+Carvalho,+168++Itaim+Bibi?entry=gmail&amp;source=g\" target=\"_blank\">Itaim Bibi<\/a><\/p>\n\n\n\n<p><\/p>\n<iframe src=\"http:\/\/www.facebook.com\/plugins\/like.php?href=http:\/\/www.girosgourmet.com.br\/index.php\/especial-giros-confira-nosso-roteiro-para-o-dia-do-bacon\/&amp;layout=standard&amp;show_faces=1&amp;width=450&amp;action=like&amp;colorscheme=light&amp;font=\" scrolling=\"no\" frameborder=\"0\" style=\"border:none; overflow:hidden; width:450px; height:60px\"><\/iframe>","protected":false},"excerpt":{"rendered":"<p>A data tem como base a tradi\u00e7\u00e3o norte-americana e \u00e9 comemorada no s\u00e1bado que antecede o Dia do Trabalho nos Estados Unidos, celebrado na primeira segunda-feira do m\u00eas de setembro. Aqui no Brasil, este ano, o Dia do Bacon ser\u00e1 festejado no dia 4 de setembro.\u00a0 Para curtir a data [&hellip;]<\/p>\n","protected":false},"author":3,"featured_media":0,"comment_status":"open","ping_status":"closed","sticky":false,"template":"","format":"standard","meta":{"footnotes":""},"categories":[40,39],"tags":[2749,2467],"class_list":["post-11299","post","type-post","status-publish","format-standard","hentry","category-culturamodabelezabem-estar","category-gastronomia","tag-dia-do-bacon","tag-especial-giros"],"_links":{"self":[{"href":"http:\/\/www.girosgourmet.com.br\/index.php\/wp-json\/wp\/v2\/posts\/11299","targetHints":{"allow":["GET"]}}],"collection":[{"href":"http:\/\/www.girosgourmet.com.br\/index.php\/wp-json\/wp\/v2\/posts"}],"about":[{"href":"http:\/\/www.girosgourmet.com.br\/index.php\/wp-json\/wp\/v2\/types\/post"}],"author":[{"embeddable":true,"href":"http:\/\/www.girosgourmet.com.br\/index.php\/wp-json\/wp\/v2\/users\/3"}],"replies":[{"embeddable":true,"href":"http:\/\/www.girosgourmet.com.br\/index.php\/wp-json\/wp\/v2\/comments?post=11299"}],"version-history":[{"count":1,"href":"http:\/\/www.girosgourmet.com.br\/index.php\/wp-json\/wp\/v2\/posts\/11299\/revisions"}],"predecessor-version":[{"id":11300,"href":"http:\/\/www.girosgourmet.com.br\/index.php\/wp-json\/wp\/v2\/posts\/11299\/revisions\/11300"}],"wp:attachment":[{"href":"http:\/\/www.girosgourmet.com.br\/index.php\/wp-json\/wp\/v2\/media?parent=11299"}],"wp:term":[{"taxonomy":"category","embeddable":true,"href":"http:\/\/www.girosgourmet.com.br\/index.php\/wp-json\/wp\/v2\/categories?post=11299"},{"taxonomy":"post_tag","embeddable":true,"href":"http:\/\/www.girosgourmet.com.br\/index.php\/wp-json\/wp\/v2\/tags?post=11299"}],"curies":[{"name":"wp","href":"https:\/\/api.w.org\/{rel}","templated":true}]}}