{"id":1121,"date":"2010-11-04T08:59:31","date_gmt":"2010-11-04T11:59:31","guid":{"rendered":"http:\/\/www.closetonline.com.br\/blogcarla\/?p=1121"},"modified":"2011-03-31T15:42:49","modified_gmt":"2011-03-31T18:42:49","slug":"dica-cinefila-o-louco-amor-de-yves-saint-laurent-2","status":"publish","type":"post","link":"http:\/\/www.girosgourmet.com.br\/index.php\/dica-cinefila-o-louco-amor-de-yves-saint-laurent-2\/","title":{"rendered":"Dica Cin\u00e9fila: &#8220;O Louco Amor De Yves Saint Laurent&#8221;"},"content":{"rendered":"<p style=\"text-align: justify;\">Sa\u00ed extasiada do cinema ontem \u00e0 noite&#8230; Alguns devem saber, mas n\u00e3o custa nada ser repetitiva de vez em quando&#8230; risos&#8230; Eu adoro document\u00e1rios. Tenho um fasc\u00ednio especial por esta arte, porque s\u00e3o hist\u00f3rias que passam pelo crivo da realidade, cercada de uma rara simplicidade.<\/p>\n<p style=\"text-align: justify;\">Finalmente fui ver o document\u00e1rio &#8220;O Louco Amor De Yves Saint Laurent&#8221;, na <strong><span style=\"text-decoration: underline;\"><a href=\"http:\/\/www.closetonline.com.br\/blogcarla\/?p=1037\">34\u00b0 Mostra Internacional de Cinema<\/a><\/span><\/strong>, e s\u00f3 posso dizer que valeu cada esfor\u00e7o m\u00ednimo meu para estar sentada ali&#8230;<\/p>\n<p style=\"text-align: center;\"><a href=\"http:\/\/www.closetonline.com.br\/blogcarla\/wp-content\/uploads\/2010\/11\/YSL1.jpg\"><img loading=\"lazy\" decoding=\"async\" class=\"alignnone size-medium wp-image-1122\" title=\"_YSL1\" src=\"http:\/\/www.closetonline.com.br\/blogcarla\/wp-content\/uploads\/2010\/11\/YSL1-300x184.jpg\" alt=\"\" width=\"300\" height=\"184\" srcset=\"http:\/\/www.girosgourmet.com.br\/wp-content\/uploads\/2010\/11\/YSL1-300x184.jpg 300w, http:\/\/www.girosgourmet.com.br\/wp-content\/uploads\/2010\/11\/YSL1-150x92.jpg 150w, http:\/\/www.girosgourmet.com.br\/wp-content\/uploads\/2010\/11\/YSL1.jpg 500w\" sizes=\"auto, (max-width: 300px) 100vw, 300px\" \/><\/a><\/p>\n<p style=\"text-align: justify;\">O filme \u00e9 narrado por seu companheiro, Pierre Berg\u00e9. Fica evidente ainda a paix\u00e3o dele por Yves, mesmo ap\u00f3s a sua morte (ocorrida em 2008, v\u00edtima de um c\u00e2ncer cerebral). A hist\u00f3ria toda rola em um tom melanc\u00f3lico, mas cheio de ternura e com momentos de grandes emo\u00e7\u00f5es.<\/p>\n<p style=\"text-align: justify;\">Ao longo de 50 anos de uni\u00e3o, al\u00e9m de terem levantado um imp\u00e9rio da moda, Yves Saint Laurent e Pierre Berg\u00e9 reuniram uma impressionante cole\u00e7\u00e3o de arte. Com a morte do estilista, Berg\u00e9 decidiu leiloar tudo (mas tudo mesmooooooo!!!)&#8230; O leil\u00e3o das pe\u00e7as ficou conhecido como \u201cO Leil\u00e3o do S\u00e9culo\u201d, arrecadando 370 milh\u00f5es de Euros \u2013 um recorde para leil\u00f5es dessa natureza \u2013 os quais foram doados para as pesquisas feitas sobre a AIDS.<\/p>\n<p style=\"text-align: justify;\">Destaque para as cenas do funeral de YSL e de sua despedida nas passarelas,\u00a0 que ocorreu em janeiro de 2002, quando anunciou sua aposentadoria. Inesquec\u00edvel tamb\u00e9m \u00e9 a trilha musical do filme&#8230; Pontuada apenas por uma m\u00fasica, \u201cCom\u00ea Aguiar\u201d, que realiza uma interface perfeita com v\u00e1rias imagens das &#8220;maisons&#8221; que pertenceram ao casal espalhadas pelo mundo.<\/p>\n<p style=\"text-align: justify;\">Vale a pena voc\u00eas assistirem quando oportuno&#8230; Porque a hist\u00f3ria que voc\u00eas ir\u00e3o assistir \u00e9 sobre uma vida em comum cheia de amor, beleza e de companheirismo&#8230; Apesar dos trope\u00e7os que todos cometemos quando estamos nos relacionando&#8230; A vida deve ser compartilhada e hist\u00f3rias como esta nos motiva na seguinte cren\u00e7a: todos n\u00f3s precisamos acreditar que somos amados e e capazes de ser amados, apesar de n\u00f3s mesmos&#8230; rs&#8230; Ah! E a sensa\u00e7\u00e3o p\u00f3s filme foi al\u00e9m&#8230; Sa\u00ed com a plena sensa\u00e7\u00e3o que com amor podemos nos tornar pessoas seguras na maior parte do tempo! E isso simplesmente \u00e9 uma sensa\u00e7\u00e3o levemente fant\u00e1stica! Beijosssssss&#8230; E assistam se puderem!<\/p>\n<p style=\"text-align: center;\"><object classid=\"clsid:d27cdb6e-ae6d-11cf-96b8-444553540000\" width=\"425\" height=\"350\" codebase=\"http:\/\/download.macromedia.com\/pub\/shockwave\/cabs\/flash\/swflash.cab#version=6,0,40,0\"><param name=\"src\" value=\"http:\/\/www.youtube.com\/v\/eEMivxmEYeA\" \/><embed type=\"application\/x-shockwave-flash\" width=\"425\" height=\"350\" src=\"http:\/\/www.youtube.com\/v\/eEMivxmEYeA\"><\/embed><\/object><a href=\"http:\/\/www.youtube.com\/watch?v=eEMivxmEYeA\"><\/a><\/p>\n<iframe src=\"http:\/\/www.facebook.com\/plugins\/like.php?href=http:\/\/www.girosgourmet.com.br\/index.php\/dica-cinefila-o-louco-amor-de-yves-saint-laurent-2\/&amp;layout=standard&amp;show_faces=1&amp;width=450&amp;action=like&amp;colorscheme=light&amp;font=\" scrolling=\"no\" frameborder=\"0\" style=\"border:none; overflow:hidden; width:450px; height:60px\"><\/iframe>","protected":false},"excerpt":{"rendered":"<p>Sa\u00ed extasiada do cinema ontem \u00e0 noite&#8230; Alguns devem saber, mas n\u00e3o custa nada ser repetitiva de vez em quando&#8230; risos&#8230; Eu adoro document\u00e1rios. Tenho um fasc\u00ednio especial por esta arte, porque s\u00e3o hist\u00f3rias que passam pelo crivo da realidade, cercada de uma rara simplicidade. Finalmente fui ver o document\u00e1rio [&hellip;]<\/p>\n","protected":false},"author":3,"featured_media":0,"comment_status":"open","ping_status":"open","sticky":false,"template":"","format":"standard","meta":{"footnotes":""},"categories":[40],"tags":[13,173,174,172],"class_list":["post-1121","post","type-post","status-publish","format-standard","hentry","category-culturamodabelezabem-estar","tag-filme","tag-mostra-internacional-de-cinema","tag-pierre-berge","tag-yves-saint-laurent"],"_links":{"self":[{"href":"http:\/\/www.girosgourmet.com.br\/index.php\/wp-json\/wp\/v2\/posts\/1121","targetHints":{"allow":["GET"]}}],"collection":[{"href":"http:\/\/www.girosgourmet.com.br\/index.php\/wp-json\/wp\/v2\/posts"}],"about":[{"href":"http:\/\/www.girosgourmet.com.br\/index.php\/wp-json\/wp\/v2\/types\/post"}],"author":[{"embeddable":true,"href":"http:\/\/www.girosgourmet.com.br\/index.php\/wp-json\/wp\/v2\/users\/3"}],"replies":[{"embeddable":true,"href":"http:\/\/www.girosgourmet.com.br\/index.php\/wp-json\/wp\/v2\/comments?post=1121"}],"version-history":[{"count":7,"href":"http:\/\/www.girosgourmet.com.br\/index.php\/wp-json\/wp\/v2\/posts\/1121\/revisions"}],"predecessor-version":[{"id":1125,"href":"http:\/\/www.girosgourmet.com.br\/index.php\/wp-json\/wp\/v2\/posts\/1121\/revisions\/1125"}],"wp:attachment":[{"href":"http:\/\/www.girosgourmet.com.br\/index.php\/wp-json\/wp\/v2\/media?parent=1121"}],"wp:term":[{"taxonomy":"category","embeddable":true,"href":"http:\/\/www.girosgourmet.com.br\/index.php\/wp-json\/wp\/v2\/categories?post=1121"},{"taxonomy":"post_tag","embeddable":true,"href":"http:\/\/www.girosgourmet.com.br\/index.php\/wp-json\/wp\/v2\/tags?post=1121"}],"curies":[{"name":"wp","href":"https:\/\/api.w.org\/{rel}","templated":true}]}}