{"id":10946,"date":"2021-02-18T11:32:34","date_gmt":"2021-02-18T14:32:34","guid":{"rendered":"http:\/\/www.girosgourmet.com.br\/?p=10946"},"modified":"2021-02-18T11:32:47","modified_gmt":"2021-02-18T14:32:47","slug":"vinhos-do-bem-traz-joao-portugal-ramos","status":"publish","type":"post","link":"http:\/\/www.girosgourmet.com.br\/index.php\/vinhos-do-bem-traz-joao-portugal-ramos\/","title":{"rendered":"&#8220;Vinhos do Bem&#8221; traz Jo\u00e3o Portugal Ramos ."},"content":{"rendered":"\n<figure class=\"wp-block-image size-large\"><img loading=\"lazy\" decoding=\"async\" width=\"620\" height=\"310\" src=\"http:\/\/www.girosgourmet.com.br\/wp-content\/uploads\/2021\/02\/joao-portugal-ramos-enologo.jpg\" alt=\"\" class=\"wp-image-10947\" srcset=\"http:\/\/www.girosgourmet.com.br\/wp-content\/uploads\/2021\/02\/joao-portugal-ramos-enologo.jpg 620w, http:\/\/www.girosgourmet.com.br\/wp-content\/uploads\/2021\/02\/joao-portugal-ramos-enologo-300x150.jpg 300w\" sizes=\"auto, (max-width: 620px) 100vw, 620px\" \/><\/figure>\n\n\n\n<p style=\"text-align: justify;\">Um dos nomes mais importantes da ind\u00fastria do vinho em Portugal nas \u00faltimas d\u00e9cadas, <strong>Jo\u00e3o Portugal Ramos<\/strong> acumula d\u00e9cadas de experi\u00eancia, inicialmente como en\u00f3logo consultor, depois como produtor. Al\u00e9m de ser um dos respons\u00e1veis pela revitaliza\u00e7\u00e3o do Alentejo e de outras regi\u00f5es, seu trabalho tem contribu\u00eddo para ampliar o prest\u00edgio da vitivinicultura portuguesa em n\u00edvel mundial. Um de seus principais r\u00f3tulos, o premiado <strong>Marqu\u00eas de Borba Tinto<\/strong>, blend das uvas Aragonez, Trincadeira, Touriga Nacional, Alicante Bouschet, Petit Verdot e Merlot, \u00e9 uma das estrelas do <strong>\u201cVinhos do Bem\u201d<\/strong>, evento online marcado para o dia 27 de fevereiro, \u00e0s 20 horas<\/p>\n\n\n\n<p style=\"text-align: justify;\"><strong>U<\/strong>m dos principais formadores de opini\u00e3o da ind\u00fastria do vinho no pa\u00eds, <strong>Marcelo Copello<\/strong> \u00e9 quem vai comandar a degusta\u00e7\u00e3o, em uma aula exclusiva online. <strong>O evento \u00e9 uma realiza\u00e7\u00e3o da <\/strong><strong><a href=\"https:\/\/u5451556.ct.sendgrid.net\/ls\/click?upn=GWE9AqBsAAb0IN6KR36Lvo7xXil5LTXB0LIC0a6BJ4g82kGVHTTwoVFCysNK-2BJ8wrvWb_k1vHcsjjvBjQYwsbJqz4hrymuPq8XW2rOllcPv-2FOOZDybc-2FwKIxhU5f0OMsJEuspy74rvOxb9wLK41f0gLPNwYtTTyH53iqjLAp-2Ft-2B6qH63LJpzP9Qbutm0gnHlUGmTv7tYfOZXddCqbVX2LHltW3Q-2FEhDwxY-2BOVSlWXna5aIc1EB4q-2BIBkgPZE-2Bo3Q6M55qz1gB-2B1AL7L8u24C0DnTDvqQzs4JXvsXLPUjrAFrXgbKjjR9CP8kGgDjjU2XXblbfTS9efr61ODR9nCVOa2NaVqBiwikrqEieYYXLspEXcq8-3D\">Talk Wine<\/a><\/strong><strong>, a primeira startup brasileira 100% dedicada \u00e0 degusta\u00e7\u00e3o virtual de vinhos.<\/strong><\/p>\n\n\n\n<p style=\"text-align: justify;\">Para fazer parte desta viv\u00eancia online, o consumidor acessa o site da Talk Wine, e adquire um \u201cpassaporte\u201d, que al\u00e9m da aula exclusiva com Marcelo Copello, d\u00e1 direito a um kit completo, composto pelos dois vinhos, itens de harmoniza\u00e7\u00e3o e receitas de chef para preparar na noite da degusta\u00e7\u00e3o. Outra vantagem \u00e9 que a transmiss\u00e3o permanecer\u00e1 gravada e poder\u00e1 ser vista a qualquer momento, basta informar os dados de acesso concedidos no ato da compra.\u00a0<\/p>\n\n\n\n<p style=\"text-align: justify;\">Quem adquirir a experi\u00eancia virtual \u201c<strong>Vinhos do Bem<\/strong>\u201d vai contribuir com a Associa\u00e7\u00e3o de Pais e Amigos dos Excepcionais, a<strong> APAE<\/strong>, uma das entidades assistenciais mais respeitadas do Pa\u00eds<\/p>\n\n\n\n<p style=\"text-align: justify;\">Os passaportes para o \u201cVinhos do Bem\u201d j\u00e1 est\u00e3o \u00e0 venda e custam R$ 299. Para participar basta acessar o\u00a0<strong><a href=\"https:\/\/u5451556.ct.sendgrid.net\/ls\/click?upn=GWE9AqBsAAb0IN6KR36Lvo7xXil5LTXB0LIC0a6BJ4i2mzXirRz7BZ4kLjYNPNzJDBAlWpKF6hQwW503F63-2FCQcTzzxOMyHGvwYOFyMJDmI-3Dv0kz_k1vHcsjjvBjQYwsbJqz4hrymuPq8XW2rOllcPv-2FOOZDybc-2FwKIxhU5f0OMsJEuspy74rvOxb9wLK41f0gLPNwYtTTyH53iqjLAp-2Ft-2B6qH63LJpzP9Qbutm0gnHlUGmTv7tYfOZXddCqbVX2LHltW3QRbwSl-2Bk-2BuZUCaPxtdLoRW9e8YvdDPFHPosP6Xv9eUMHZtqhwP6-2Fpi2glf5FhrZqy58uysRDIA50002rHyyFf8Y8lyWCO01H-2BpxPYtLFwYcsnwQA-2FPBbcdfbWiWfCgB-2Fd0RoCyWHkONMsv2h-2FNyKEQ-3D\">site da Talk Wine<\/a><\/strong> e fazer a compra.<\/p>\n<iframe src=\"http:\/\/www.facebook.com\/plugins\/like.php?href=http:\/\/www.girosgourmet.com.br\/index.php\/vinhos-do-bem-traz-joao-portugal-ramos\/&amp;layout=standard&amp;show_faces=1&amp;width=450&amp;action=like&amp;colorscheme=light&amp;font=\" scrolling=\"no\" frameborder=\"0\" style=\"border:none; overflow:hidden; width:450px; height:60px\"><\/iframe>","protected":false},"excerpt":{"rendered":"<p>Um dos nomes mais importantes da ind\u00fastria do vinho em Portugal nas \u00faltimas d\u00e9cadas, Jo\u00e3o Portugal Ramos acumula d\u00e9cadas de experi\u00eancia, inicialmente como en\u00f3logo consultor, depois como produtor. Al\u00e9m de ser um dos respons\u00e1veis pela revitaliza\u00e7\u00e3o do Alentejo e de outras regi\u00f5es, seu trabalho tem contribu\u00eddo para ampliar o prest\u00edgio [&hellip;]<\/p>\n","protected":false},"author":3,"featured_media":0,"comment_status":"open","ping_status":"closed","sticky":false,"template":"","format":"standard","meta":{"footnotes":""},"categories":[39],"tags":[1186,156,2252,2493,2609,157,2610],"class_list":["post-10946","post","type-post","status-publish","format-standard","hentry","category-gastronomia","tag-apae","tag-enologia","tag-enologos","tag-evento-online","tag-talk-wine","tag-vinho","tag-vinhos-do-bem"],"_links":{"self":[{"href":"http:\/\/www.girosgourmet.com.br\/index.php\/wp-json\/wp\/v2\/posts\/10946","targetHints":{"allow":["GET"]}}],"collection":[{"href":"http:\/\/www.girosgourmet.com.br\/index.php\/wp-json\/wp\/v2\/posts"}],"about":[{"href":"http:\/\/www.girosgourmet.com.br\/index.php\/wp-json\/wp\/v2\/types\/post"}],"author":[{"embeddable":true,"href":"http:\/\/www.girosgourmet.com.br\/index.php\/wp-json\/wp\/v2\/users\/3"}],"replies":[{"embeddable":true,"href":"http:\/\/www.girosgourmet.com.br\/index.php\/wp-json\/wp\/v2\/comments?post=10946"}],"version-history":[{"count":1,"href":"http:\/\/www.girosgourmet.com.br\/index.php\/wp-json\/wp\/v2\/posts\/10946\/revisions"}],"predecessor-version":[{"id":10948,"href":"http:\/\/www.girosgourmet.com.br\/index.php\/wp-json\/wp\/v2\/posts\/10946\/revisions\/10948"}],"wp:attachment":[{"href":"http:\/\/www.girosgourmet.com.br\/index.php\/wp-json\/wp\/v2\/media?parent=10946"}],"wp:term":[{"taxonomy":"category","embeddable":true,"href":"http:\/\/www.girosgourmet.com.br\/index.php\/wp-json\/wp\/v2\/categories?post=10946"},{"taxonomy":"post_tag","embeddable":true,"href":"http:\/\/www.girosgourmet.com.br\/index.php\/wp-json\/wp\/v2\/tags?post=10946"}],"curies":[{"name":"wp","href":"https:\/\/api.w.org\/{rel}","templated":true}]}}