{"id":10898,"date":"2021-01-27T16:53:16","date_gmt":"2021-01-27T19:53:16","guid":{"rendered":"http:\/\/www.girosgourmet.com.br\/?p=10898"},"modified":"2021-01-27T16:53:22","modified_gmt":"2021-01-27T19:53:22","slug":"novo-brunch-em-sao-paulo","status":"publish","type":"post","link":"http:\/\/www.girosgourmet.com.br\/index.php\/novo-brunch-em-sao-paulo\/","title":{"rendered":"Novo Brunch em S\u00e3o Paulo!"},"content":{"rendered":"\n<figure class=\"wp-block-image size-large\"><img loading=\"lazy\" decoding=\"async\" width=\"1024\" height=\"683\" src=\"http:\/\/www.girosgourmet.com.br\/wp-content\/uploads\/2021\/01\/Locale_caffe-1024x683.jpg\" alt=\"\" class=\"wp-image-10899\" srcset=\"http:\/\/www.girosgourmet.com.br\/wp-content\/uploads\/2021\/01\/Locale_caffe-1024x683.jpg 1024w, http:\/\/www.girosgourmet.com.br\/wp-content\/uploads\/2021\/01\/Locale_caffe-300x200.jpg 300w, http:\/\/www.girosgourmet.com.br\/wp-content\/uploads\/2021\/01\/Locale_caffe-768x512.jpg 768w, http:\/\/www.girosgourmet.com.br\/wp-content\/uploads\/2021\/01\/Locale_caffe.jpg 1152w\" sizes=\"auto, (max-width: 1024px) 100vw, 1024px\" \/><\/figure>\n\n\n\n<p style=\"text-align: justify;\">O charmoso <a href=\"http:\/\/www.girosgourmet.com.br\/index.php\/locale-caffe-sanduiches-com-belas-apresentacoes-e-cannolis-arrebatadores\/\"><strong>Locale Caff\u00e8<\/strong><\/a> est\u00e1 com uma novidade: todos os fins de semana e feriados, das 9h \u00e0s 15h, a casa agora oferece um caprichado brunch pelo valor fechado de R$89.<\/p>\n\n\n\n<p style=\"text-align: justify;\">Entre as op\u00e7\u00f5es do menu, <em><strong>Ovos mexidos com p\u00e3o italiano e presunto cru crocante<\/strong><\/em><em> e a <strong>Mini Salada de Frutas<\/strong>. Na ala das tostadas, n\u00e3o h\u00e1 como resistir \u00e0 vers\u00e3o de <strong>Prosciutto &amp; Figo<\/strong>, que leva presunto cru, figo, redu\u00e7\u00e3o de frutas vermelhas e creme de ricota, al\u00e9m da <strong>Caprese<\/strong>, servida com mussarela de b\u00fafala, tomate, pesto genovese e creme de ricota.<\/em><\/p>\n\n\n\n<p style=\"text-align: justify;\">Para acompanhar, drinks como o <strong>Aperol Spritz<\/strong>, \u00e0 base de Cinzano Pro Spritz, Aperol e \u00e1gua; <strong>Mimosa<\/strong>, que leva Prosecco e suco de laranja; e <strong>Pietra<\/strong>, preparado com gin Bulldog, soda de lavanda artesanal, aperitivo italiano floral, lim\u00e3o e \u00e1gua de rosas. Quem preferir op\u00e7\u00f5es n\u00e3o alco\u00f3licas pode optar por suco de laranja ou melancia, ou ainda caf\u00e9 espresso, coado ou machiatto.<\/p>\n\n\n\n<p style=\"text-align: justify;\"><em>Vale finalizar a experi\u00eancia com os cl\u00e1ssicos <strong>Cannoli<\/strong><\/em>, nos sabores\u00a0<em>Tradicional, Nutella, Pistache, Lim\u00e3o Siciliano, Brigadeiro, Doce de Leite e Romeu e Julieta.<\/em><\/p>\n\n\n\n<p><strong>Sobre o Locale Caff\u00e8<\/strong><\/p>\n\n\n\n<p style=\"text-align: justify;\">Comandado pelos irm\u00e3os Gabriel e Nicholas Fullen e do empres\u00e1rio Sandro Myasaki, o Locale Caff\u00e8, conta com um agrad\u00e1vel e iluminado ambiente que se divide em dois espa\u00e7os: varanda e sal\u00e3o interno, que abriga o bar. O projeto foi desenvolvido por Andreoni Arquitetura, e apresenta tijolos aparentes ao lado de muito verde.<\/p>\n\n\n\n<p>&nbsp;<strong>LOCALE CAFF\u00c8<\/strong><br>Endere\u00e7o: Rua Manuel Guedes, 349 \u2013 Itaim Bibi<br>Diariamente, das 8h30 \u00e0s 22h.<br>Acesso para deficientes com mob\u00edlia adaptada. Ar-condicionado. Wi Fi gratuito.<br><a href=\"http:\/\/www.localecaffe.com.br\/\" target=\"_blank\" rel=\"noreferrer noopener\">www.localecaffe.com.br<\/a>&nbsp;<\/p>\n<iframe src=\"http:\/\/www.facebook.com\/plugins\/like.php?href=http:\/\/www.girosgourmet.com.br\/index.php\/novo-brunch-em-sao-paulo\/&amp;layout=standard&amp;show_faces=1&amp;width=450&amp;action=like&amp;colorscheme=light&amp;font=\" scrolling=\"no\" frameborder=\"0\" style=\"border:none; overflow:hidden; width:450px; height:60px\"><\/iframe>","protected":false},"excerpt":{"rendered":"<p>O charmoso Locale Caff\u00e8 est\u00e1 com uma novidade: todos os fins de semana e feriados, das 9h \u00e0s 15h, a casa agora oferece um caprichado brunch pelo valor fechado de R$89. Entre as op\u00e7\u00f5es do menu, Ovos mexidos com p\u00e3o italiano e presunto cru crocante e a Mini Salada de [&hellip;]<\/p>\n","protected":false},"author":3,"featured_media":0,"comment_status":"open","ping_status":"closed","sticky":false,"template":"","format":"standard","meta":{"footnotes":""},"categories":[39],"tags":[114,1409,1504,2590],"class_list":["post-10898","post","type-post","status-publish","format-standard","hentry","category-gastronomia","tag-brunch","tag-cafe-da-manha","tag-itaim-bibi","tag-locale-cafe"],"_links":{"self":[{"href":"http:\/\/www.girosgourmet.com.br\/index.php\/wp-json\/wp\/v2\/posts\/10898","targetHints":{"allow":["GET"]}}],"collection":[{"href":"http:\/\/www.girosgourmet.com.br\/index.php\/wp-json\/wp\/v2\/posts"}],"about":[{"href":"http:\/\/www.girosgourmet.com.br\/index.php\/wp-json\/wp\/v2\/types\/post"}],"author":[{"embeddable":true,"href":"http:\/\/www.girosgourmet.com.br\/index.php\/wp-json\/wp\/v2\/users\/3"}],"replies":[{"embeddable":true,"href":"http:\/\/www.girosgourmet.com.br\/index.php\/wp-json\/wp\/v2\/comments?post=10898"}],"version-history":[{"count":1,"href":"http:\/\/www.girosgourmet.com.br\/index.php\/wp-json\/wp\/v2\/posts\/10898\/revisions"}],"predecessor-version":[{"id":10900,"href":"http:\/\/www.girosgourmet.com.br\/index.php\/wp-json\/wp\/v2\/posts\/10898\/revisions\/10900"}],"wp:attachment":[{"href":"http:\/\/www.girosgourmet.com.br\/index.php\/wp-json\/wp\/v2\/media?parent=10898"}],"wp:term":[{"taxonomy":"category","embeddable":true,"href":"http:\/\/www.girosgourmet.com.br\/index.php\/wp-json\/wp\/v2\/categories?post=10898"},{"taxonomy":"post_tag","embeddable":true,"href":"http:\/\/www.girosgourmet.com.br\/index.php\/wp-json\/wp\/v2\/tags?post=10898"}],"curies":[{"name":"wp","href":"https:\/\/api.w.org\/{rel}","templated":true}]}}