{"id":1083,"date":"2010-10-28T18:21:45","date_gmt":"2010-10-28T21:21:45","guid":{"rendered":"http:\/\/www.closetonline.com.br\/blogcarla\/?p=1083"},"modified":"2011-03-31T15:52:18","modified_gmt":"2011-03-31T18:52:18","slug":"memorias-de-um-monstro-2","status":"publish","type":"post","link":"http:\/\/www.girosgourmet.com.br\/index.php\/memorias-de-um-monstro-2\/","title":{"rendered":"Mem\u00f3rias de um Monstro!"},"content":{"rendered":"<p style=\"text-align: justify;\">Se eu estivesse em Berlim, ir ao Museu Hist\u00f3rico Alem\u00e3o, com certeza seria um passeio obrigat\u00f3rio para mim: n\u00e3o porque curto o cidad\u00e3o em quest\u00e3o, ali\u00e1s passei a juventude toda lendo sobre ele, o homem que orquestrou uma das maiores catastrofes do nosso s\u00e9culo\u2026.e ainda pode parecer idiotice da minha parte eu ainda n\u00e3o entendi exatamente o que ele pretendia quando criou o tal regime..entendendo que o nazismo n\u00e3o foi o resultado da personalidade individual de Hitler.<\/p>\n<p style=\"text-align: center;\">\u00a0<a href=\"http:\/\/www.closetonline.com.br\/blogcarla\/wp-content\/uploads\/2010\/10\/h4.jpg\"><img loading=\"lazy\" decoding=\"async\" class=\"alignnone size-medium wp-image-1082\" title=\"_h\" src=\"http:\/\/www.closetonline.com.br\/blogcarla\/wp-content\/uploads\/2010\/10\/h4-300x201.jpg\" alt=\"\" width=\"300\" height=\"201\" srcset=\"http:\/\/www.girosgourmet.com.br\/wp-content\/uploads\/2010\/10\/h4-300x201.jpg 300w, http:\/\/www.girosgourmet.com.br\/wp-content\/uploads\/2010\/10\/h4-150x100.jpg 150w, http:\/\/www.girosgourmet.com.br\/wp-content\/uploads\/2010\/10\/h4.jpg 700w\" sizes=\"auto, (max-width: 300px) 100vw, 300px\" \/><\/a><\/p>\n<p style=\"text-align: justify;\">\u00a0Dentre os objetos existem placas, bandeiras, mapas, bast\u00f5es armas e at\u00e9 uniformes. A exposi\u00e7\u00e3o normalmente acontece em Moscou na R\u00fassia, e para que os objetos pudessem ser expostos na Alemanha, os curadores do museu de Moscou exigiram do governo alem\u00e3o uma garantia de que os objetos seriam devolvidos. O temor dos russos era que os alem\u00e3es alegassem raz\u00f5es pol\u00edticas e tomassem posse sobre os objetos de raro valor hist\u00f3rico.<\/p>\n<p style=\"text-align: center;\"><a href=\"http:\/\/www.closetonline.com.br\/blogcarla\/wp-content\/uploads\/2010\/10\/h21.jpg\"><img loading=\"lazy\" decoding=\"async\" class=\"alignnone size-medium wp-image-1084\" title=\"_h2\" src=\"http:\/\/www.closetonline.com.br\/blogcarla\/wp-content\/uploads\/2010\/10\/h21-300x204.jpg\" alt=\"\" width=\"300\" height=\"204\" srcset=\"http:\/\/www.girosgourmet.com.br\/wp-content\/uploads\/2010\/10\/h21-300x204.jpg 300w, http:\/\/www.girosgourmet.com.br\/wp-content\/uploads\/2010\/10\/h21-150x102.jpg 150w, http:\/\/www.girosgourmet.com.br\/wp-content\/uploads\/2010\/10\/h21.jpg 700w\" sizes=\"auto, (max-width: 300px) 100vw, 300px\" \/><\/a><\/p>\n<p style=\"text-align: justify;\">Bem nem preciso dizer que ap\u00f3s a abertura desta exposi\u00e7\u00e3o (15) muitos berlinenses n\u00e3o ficaram muito contentes\u2026.Independentemente disso fa\u00e7o quest\u00e3o de manifestar e enfatizar meu rep\u00fadio a qualquer ato pr\u00f3-nazismo ou a qualquer outro movimento com ideologias semelhantes. Mas que vale a visita a exposi\u00e7\u00e3o, acho que sim! Eu iria com certeza\u2026fica a dica para quem est\u00e1 de malas prontas para a capital alem\u00e3\u2026.beijos<\/p>\n<p style=\"text-align: center;\">\u00a0<a href=\"http:\/\/www.closetonline.com.br\/blogcarla\/wp-content\/uploads\/2010\/10\/h11.jpg\"><img loading=\"lazy\" decoding=\"async\" class=\"alignnone size-medium wp-image-1085\" title=\"_h1\" src=\"http:\/\/www.closetonline.com.br\/blogcarla\/wp-content\/uploads\/2010\/10\/h11-300x199.jpg\" alt=\"\" width=\"300\" height=\"199\" srcset=\"http:\/\/www.girosgourmet.com.br\/wp-content\/uploads\/2010\/10\/h11-300x199.jpg 300w, http:\/\/www.girosgourmet.com.br\/wp-content\/uploads\/2010\/10\/h11-150x99.jpg 150w, http:\/\/www.girosgourmet.com.br\/wp-content\/uploads\/2010\/10\/h11.jpg 700w\" sizes=\"auto, (max-width: 300px) 100vw, 300px\" \/><\/a><\/p>\n<iframe src=\"http:\/\/www.facebook.com\/plugins\/like.php?href=http:\/\/www.girosgourmet.com.br\/index.php\/memorias-de-um-monstro-2\/&amp;layout=standard&amp;show_faces=1&amp;width=450&amp;action=like&amp;colorscheme=light&amp;font=\" scrolling=\"no\" frameborder=\"0\" style=\"border:none; overflow:hidden; width:450px; height:60px\"><\/iframe>","protected":false},"excerpt":{"rendered":"<p>Se eu estivesse em Berlim, ir ao Museu Hist\u00f3rico Alem\u00e3o, com certeza seria um passeio obrigat\u00f3rio para mim: n\u00e3o porque curto o cidad\u00e3o em quest\u00e3o, ali\u00e1s passei a juventude toda lendo sobre ele, o homem que orquestrou uma das maiores catastrofes do nosso s\u00e9culo\u2026.e ainda pode parecer idiotice da minha [&hellip;]<\/p>\n","protected":false},"author":3,"featured_media":0,"comment_status":"open","ping_status":"open","sticky":false,"template":"","format":"standard","meta":{"footnotes":""},"categories":[40,41],"tags":[182,163],"class_list":["post-1083","post","type-post","status-publish","format-standard","hentry","category-culturamodabelezabem-estar","category-viagens","tag-hitler","tag-museu"],"_links":{"self":[{"href":"http:\/\/www.girosgourmet.com.br\/index.php\/wp-json\/wp\/v2\/posts\/1083","targetHints":{"allow":["GET"]}}],"collection":[{"href":"http:\/\/www.girosgourmet.com.br\/index.php\/wp-json\/wp\/v2\/posts"}],"about":[{"href":"http:\/\/www.girosgourmet.com.br\/index.php\/wp-json\/wp\/v2\/types\/post"}],"author":[{"embeddable":true,"href":"http:\/\/www.girosgourmet.com.br\/index.php\/wp-json\/wp\/v2\/users\/3"}],"replies":[{"embeddable":true,"href":"http:\/\/www.girosgourmet.com.br\/index.php\/wp-json\/wp\/v2\/comments?post=1083"}],"version-history":[{"count":3,"href":"http:\/\/www.girosgourmet.com.br\/index.php\/wp-json\/wp\/v2\/posts\/1083\/revisions"}],"predecessor-version":[{"id":1087,"href":"http:\/\/www.girosgourmet.com.br\/index.php\/wp-json\/wp\/v2\/posts\/1083\/revisions\/1087"}],"wp:attachment":[{"href":"http:\/\/www.girosgourmet.com.br\/index.php\/wp-json\/wp\/v2\/media?parent=1083"}],"wp:term":[{"taxonomy":"category","embeddable":true,"href":"http:\/\/www.girosgourmet.com.br\/index.php\/wp-json\/wp\/v2\/categories?post=1083"},{"taxonomy":"post_tag","embeddable":true,"href":"http:\/\/www.girosgourmet.com.br\/index.php\/wp-json\/wp\/v2\/tags?post=1083"}],"curies":[{"name":"wp","href":"https:\/\/api.w.org\/{rel}","templated":true}]}}