{"id":10806,"date":"2020-12-01T00:35:12","date_gmt":"2020-12-01T03:35:12","guid":{"rendered":"http:\/\/www.girosgourmet.com.br\/?p=10806"},"modified":"2020-11-29T12:56:27","modified_gmt":"2020-11-29T15:56:27","slug":"grand-hyatt-sp-promove-4o-edicao-do-chefs-table","status":"publish","type":"post","link":"http:\/\/www.girosgourmet.com.br\/index.php\/grand-hyatt-sp-promove-4o-edicao-do-chefs-table\/","title":{"rendered":"Grand Hyatt SP promove 4o edi\u00e7\u00e3o do Chef&#8217;s Table."},"content":{"rendered":"\n<figure class=\"wp-block-table is-style-regular\"><table><tbody><tr><td><em>Evento trar\u00e1 uma mistura contempor\u00e2nea entre Amazonas, S\u00e3o Paulo e Bahia sob o comando dos chefs Pedro Siqueira, Felipe Schaedler, Fabr\u00edcio Lemos e Lisiane Arouca<\/em>.<\/td><\/tr><\/tbody><\/table><\/figure>\n\n\n\n<figure class=\"wp-block-image size-large\"><img loading=\"lazy\" decoding=\"async\" width=\"800\" height=\"445\" src=\"http:\/\/www.girosgourmet.com.br\/wp-content\/uploads\/2020\/11\/grand-hyatt-sao-paulo-promove-5o-chefs-table-nos-dias-4-e-5-de-dezembro-1.jpg\" alt=\"\" class=\"wp-image-10807\" srcset=\"http:\/\/www.girosgourmet.com.br\/wp-content\/uploads\/2020\/11\/grand-hyatt-sao-paulo-promove-5o-chefs-table-nos-dias-4-e-5-de-dezembro-1.jpg 800w, http:\/\/www.girosgourmet.com.br\/wp-content\/uploads\/2020\/11\/grand-hyatt-sao-paulo-promove-5o-chefs-table-nos-dias-4-e-5-de-dezembro-1-300x167.jpg 300w, http:\/\/www.girosgourmet.com.br\/wp-content\/uploads\/2020\/11\/grand-hyatt-sao-paulo-promove-5o-chefs-table-nos-dias-4-e-5-de-dezembro-1-768x427.jpg 768w\" sizes=\"auto, (max-width: 800px) 100vw, 800px\" \/><\/figure>\n\n\n\n<figure class=\"wp-block-table is-style-regular\">\n<table>\n<tbody>\n<tr>\n<td style=\"text-align: justify;\">Em uma conex\u00e3o perfeita entre Amazonas, S\u00e3o Paulo e Bahia, a <strong>4\u00aa edi\u00e7\u00e3o do Grand Taste &#8211; Chef\u2019s Table<\/strong> trar\u00e1 para o Grand Hyatt S\u00e3o Paulo nos dias 4 e 5 de dezembro dois jantares repletos de sabores do Brasil. Quem assinar\u00e1 os card\u00e1pios da vez s\u00e3o os chefs convidados <strong>Pedro Siqueira, Felipe Schaedler<\/strong>, do restaurante Banzeiro, e <strong>Fabr\u00edcio Lemos<\/strong>, do Origens. J\u00e1 a cria\u00e7\u00e3o da sobremesa, ficar\u00e1 a cargo da chef confeiteira <strong>Lisiane Arouca<\/strong>.<br \/><br \/>Com um menu contempor\u00e2neo de cinco tempos e para um n\u00famero limitado de pessoas, os especialistas criar\u00e3o pratos como <strong>atum com farofa de cuscuz, camar\u00e3o, bai\u00e3o de dois, caldo de lambreta com c\u00farcuma, l\u00edngua de vaca<\/strong> e muitos outros, em duas noites cheias de sabor, aroma e muitas sensa\u00e7\u00f5es com o toque especial de cada chef.<br \/><br \/>O Chef\u00b4s Table j\u00e1 est\u00e1 \u00e0 venda pelo <a href=\"https:\/\/yticeiyortedixe.i-mpr.com\/link.php?code=bDpodHRwcyUzQSUyRiUyRnd3dy5wYWNvdGVzaHlhdHQuY29tLmJyJTJGc2FvLXBhdWxvJTJGb2ZlcnRhcyUyRjozNDI0NDI3NDEyOmNhcmxhcGFsbWllcmlAZ2lyb3Nnb3VybWV0LmNvbS5icjo5M2M0MmM=\">site pacotes Hyatt <\/a>e acontece a partir das 19h30, no <strong>Espa\u00e7o EAU<\/strong>. O valor do jantar em cinco etapas \u00e9 de R$ 180 reais por pessoa.<br \/><br \/>Durante o jantar ser\u00e1 respeitado o distanciamento social e tomadas todas as medidas de seguran\u00e7a j\u00e1 aplicadas pela rede globalmente para preservar a sa\u00fade de h\u00f3spedes, visitantes e colaboradores.<br \/><br \/><strong>Servi\u00e7o:<\/strong><br \/><br \/><a href=\"https:\/\/yticeiyortedixe.i-mpr.com\/link.php?code=bDpodHRwcyUzQSUyRiUyRnd3dy5wYWNvdGVzaHlhdHQuY29tLmJyJTJGc2FvLXBhdWxvJTJGdmFsZS1wcmVzZW50ZSUyRmNoZWZzLXRhYmxlLTQlMkY6MzQyNDQyNzQxMjpjYXJsYXBhbG1pZXJpQGdpcm9zZ291cm1ldC5jb20uYnI6NmI0NWUy\">Grand Taste | Chef\u2019s Table<\/a><br \/><br \/>Datas: Sexta, 4 de dezembro e s\u00e1bado, 5 de dezembro<br \/><br \/>Hor\u00e1rio: 19h30<br \/><br \/>Local: Espa\u00e7o EAU Grand Hyatt S\u00e3o Paulo<br \/><br \/>Endere\u00e7o: Av. das Na\u00e7\u00f5es Unidas, 13301 &#8211; Itaim Bibi<br \/><br \/>Valor: R$ 180 por pessoa<br \/><br \/>Lugares limitados devido ao distanciamento social<\/td>\n<\/tr>\n<\/tbody>\n<\/table>\n<\/figure>\n<iframe src=\"http:\/\/www.facebook.com\/plugins\/like.php?href=http:\/\/www.girosgourmet.com.br\/index.php\/grand-hyatt-sp-promove-4o-edicao-do-chefs-table\/&amp;layout=standard&amp;show_faces=1&amp;width=450&amp;action=like&amp;colorscheme=light&amp;font=\" scrolling=\"no\" frameborder=\"0\" style=\"border:none; overflow:hidden; width:450px; height:60px\"><\/iframe>","protected":false},"excerpt":{"rendered":"<p>Evento trar\u00e1 uma mistura contempor\u00e2nea entre Amazonas, S\u00e3o Paulo e Bahia sob o comando dos chefs Pedro Siqueira, Felipe Schaedler, Fabr\u00edcio Lemos e Lisiane Arouca. Em uma conex\u00e3o perfeita entre Amazonas, S\u00e3o Paulo e Bahia, a 4\u00aa edi\u00e7\u00e3o do Grand Taste &#8211; Chef\u2019s Table trar\u00e1 para o Grand Hyatt S\u00e3o [&hellip;]<\/p>\n","protected":false},"author":3,"featured_media":0,"comment_status":"open","ping_status":"closed","sticky":false,"template":"","format":"standard","meta":{"footnotes":""},"categories":[1703,39],"tags":[1720],"class_list":["post-10806","post","type-post","status-publish","format-standard","hentry","category-fique-aqui","category-gastronomia","tag-grand-hyatt-sao-paulo"],"_links":{"self":[{"href":"http:\/\/www.girosgourmet.com.br\/index.php\/wp-json\/wp\/v2\/posts\/10806","targetHints":{"allow":["GET"]}}],"collection":[{"href":"http:\/\/www.girosgourmet.com.br\/index.php\/wp-json\/wp\/v2\/posts"}],"about":[{"href":"http:\/\/www.girosgourmet.com.br\/index.php\/wp-json\/wp\/v2\/types\/post"}],"author":[{"embeddable":true,"href":"http:\/\/www.girosgourmet.com.br\/index.php\/wp-json\/wp\/v2\/users\/3"}],"replies":[{"embeddable":true,"href":"http:\/\/www.girosgourmet.com.br\/index.php\/wp-json\/wp\/v2\/comments?post=10806"}],"version-history":[{"count":1,"href":"http:\/\/www.girosgourmet.com.br\/index.php\/wp-json\/wp\/v2\/posts\/10806\/revisions"}],"predecessor-version":[{"id":10808,"href":"http:\/\/www.girosgourmet.com.br\/index.php\/wp-json\/wp\/v2\/posts\/10806\/revisions\/10808"}],"wp:attachment":[{"href":"http:\/\/www.girosgourmet.com.br\/index.php\/wp-json\/wp\/v2\/media?parent=10806"}],"wp:term":[{"taxonomy":"category","embeddable":true,"href":"http:\/\/www.girosgourmet.com.br\/index.php\/wp-json\/wp\/v2\/categories?post=10806"},{"taxonomy":"post_tag","embeddable":true,"href":"http:\/\/www.girosgourmet.com.br\/index.php\/wp-json\/wp\/v2\/tags?post=10806"}],"curies":[{"name":"wp","href":"https:\/\/api.w.org\/{rel}","templated":true}]}}