{"id":108,"date":"2009-03-08T20:36:49","date_gmt":"2009-03-08T23:36:49","guid":{"rendered":"http:\/\/www.closetonline.com.br\/blogcarla\/?p=108"},"modified":"2011-10-21T15:13:43","modified_gmt":"2011-10-21T18:13:43","slug":"sapatomaniacas","status":"publish","type":"post","link":"http:\/\/www.girosgourmet.com.br\/index.php\/sapatomaniacas\/","title":{"rendered":"\u201cSapatoman\u00edacas\u201d"},"content":{"rendered":"<p style=\"text-align: justify;\">\u00c9 assim&#8230;Eu simplesmente amei este sapato&#8230;&#8230;eu amo sapatos&#8230;confesso! Sapatos ser\u00e3o a heran\u00e7a que deixarei a minha sobrinha Clara, algum dia!! At\u00e9 l\u00e1 espero usar muitas vezes todos os sapatos que tenho e todos que ainda terei&#8230;Quem n\u00e3o deseja um <em>Manolo<\/em> ou um <em>Prada<\/em> no seu arm\u00e1rio \u00e9 um \u201clouco de pedra\u201dhahaha..se eu pudesse, moraria dentro dos meus sapatos literalmente! Pior eu voltaria um <em>Loubotin<\/em> na pr\u00f3xima encarna\u00e7\u00e3o&#8230;.seria assim; eu um salto 15, alt\u00e9rrimo, preto envernizados e com a fabulosa sola vermelha&#8230;.uau, pretinha b\u00e1sica&#8230;.risos!!!<\/p>\n<p style=\"text-align: justify;\">Bem para mim o sapato do ano \u00e9 este (foto abaixo)&#8230;Valentino, grife que dispensa coment\u00e1rios; design atraente e sofisticado&#8230;o sapato chega a ser arom\u00e1tico, hahaha&#8230; eu nunca mais vou conseguir achar gra\u00e7a em outros depois desse Valentino..e a cor? Amarelo&#8230;&#8230;amarelo nos desperta energia, boas vibra\u00e7\u00f5es e os la\u00e7os&#8230;tudo gente&#8230;que coisa fofura (ser\u00e1 que to virando perua?), n\u00e3o sei&#8230;nem sei se este sapato combina comigo, n\u00e3o importa!!<\/p>\n<p style=\"text-align: justify;\">Sou uma \u201csapatoman\u00edaca\u201dassumida&#8230;vivo me surpreendendo quando compro uns quatro pares de uma tacada s\u00f3. Evidentemente n\u00e3o eram um <em>Jimmy Choos<\/em> ou um <em>Zeferino<\/em>, mas toda vez que eu fa\u00e7o isso automaticamente fa\u00e7o bem a minha pobre alma..risos&#8230;mas nem tanto a conta banc\u00e1ria. Por sapatos a gente at\u00e9 machuca os p\u00e9s, isso vive me acontecendo risos&#8230;<\/p>\n<p style=\"text-align: justify;\">\u00a0Beijos<\/p>\n<p style=\"text-align: justify;\"><a href=\"http:\/\/www.closetonline.com.br\/blogcarla\/wp-content\/uploads\/2010\/05\/a19.jpg\"><img loading=\"lazy\" decoding=\"async\" class=\"size-full wp-image-109    aligncenter\" title=\"_a19\" src=\"http:\/\/www.closetonline.com.br\/blogcarla\/wp-content\/uploads\/2010\/05\/a19.jpg\" alt=\"\" width=\"320\" height=\"314\" srcset=\"http:\/\/www.girosgourmet.com.br\/wp-content\/uploads\/2010\/05\/a19.jpg 320w, http:\/\/www.girosgourmet.com.br\/wp-content\/uploads\/2010\/05\/a19-300x294.jpg 300w\" sizes=\"auto, (max-width: 320px) 100vw, 320px\" \/><\/a><\/p>\n<p style=\"text-align: left;\">PS- Ahhhhh&#8230;.amanh\u00e3 \u00e9 dia da Mulher&#8230;um beijo \u00e1 todas minhas leitoras, amigas, minha m\u00e3e, minhas irm\u00e3s de alma, a Clara&#8230;minhas tias, minha av\u00f3..enfim acredito que todas as mulheres deveriam se tornar literatura, deveriam ser amadas&#8230;adoro fazer parte desta esp\u00e9cie!<\/p>\n<iframe src=\"http:\/\/www.facebook.com\/plugins\/like.php?href=http:\/\/www.girosgourmet.com.br\/index.php\/sapatomaniacas\/&amp;layout=standard&amp;show_faces=1&amp;width=450&amp;action=like&amp;colorscheme=light&amp;font=\" scrolling=\"no\" frameborder=\"0\" style=\"border:none; overflow:hidden; width:450px; height:60px\"><\/iframe>","protected":false},"excerpt":{"rendered":"<p>\u00c9 assim&#8230;Eu simplesmente amei este sapato&#8230;&#8230;eu amo sapatos&#8230;confesso! Sapatos ser\u00e3o a heran\u00e7a que deixarei a minha sobrinha Clara, algum dia!! At\u00e9 l\u00e1 espero usar muitas vezes todos os sapatos que tenho e todos que ainda terei&#8230;Quem n\u00e3o deseja um Manolo ou um Prada no seu arm\u00e1rio \u00e9 um \u201clouco de [&hellip;]<\/p>\n","protected":false},"author":3,"featured_media":0,"comment_status":"open","ping_status":"open","sticky":false,"template":"","format":"standard","meta":{"footnotes":""},"categories":[39],"tags":[423,424],"class_list":["post-108","post","type-post","status-publish","format-standard","hentry","category-gastronomia","tag-sapatos","tag-valentino"],"_links":{"self":[{"href":"http:\/\/www.girosgourmet.com.br\/index.php\/wp-json\/wp\/v2\/posts\/108","targetHints":{"allow":["GET"]}}],"collection":[{"href":"http:\/\/www.girosgourmet.com.br\/index.php\/wp-json\/wp\/v2\/posts"}],"about":[{"href":"http:\/\/www.girosgourmet.com.br\/index.php\/wp-json\/wp\/v2\/types\/post"}],"author":[{"embeddable":true,"href":"http:\/\/www.girosgourmet.com.br\/index.php\/wp-json\/wp\/v2\/users\/3"}],"replies":[{"embeddable":true,"href":"http:\/\/www.girosgourmet.com.br\/index.php\/wp-json\/wp\/v2\/comments?post=108"}],"version-history":[{"count":5,"href":"http:\/\/www.girosgourmet.com.br\/index.php\/wp-json\/wp\/v2\/posts\/108\/revisions"}],"predecessor-version":[{"id":2714,"href":"http:\/\/www.girosgourmet.com.br\/index.php\/wp-json\/wp\/v2\/posts\/108\/revisions\/2714"}],"wp:attachment":[{"href":"http:\/\/www.girosgourmet.com.br\/index.php\/wp-json\/wp\/v2\/media?parent=108"}],"wp:term":[{"taxonomy":"category","embeddable":true,"href":"http:\/\/www.girosgourmet.com.br\/index.php\/wp-json\/wp\/v2\/categories?post=108"},{"taxonomy":"post_tag","embeddable":true,"href":"http:\/\/www.girosgourmet.com.br\/index.php\/wp-json\/wp\/v2\/tags?post=108"}],"curies":[{"name":"wp","href":"https:\/\/api.w.org\/{rel}","templated":true}]}}