{"id":10764,"date":"2020-11-09T14:37:10","date_gmt":"2020-11-09T17:37:10","guid":{"rendered":"http:\/\/www.girosgourmet.com.br\/?p=10764"},"modified":"2020-11-09T14:41:50","modified_gmt":"2020-11-09T17:41:50","slug":"casa-di-corallo-lanca-exposicao-em-parceria-com-a-estilista-cristina-cordeiro","status":"publish","type":"post","link":"http:\/\/www.girosgourmet.com.br\/index.php\/casa-di-corallo-lanca-exposicao-em-parceria-com-a-estilista-cristina-cordeiro\/","title":{"rendered":"Casa Di Corallo lan\u00e7a exposi\u00e7\u00e3o em parceria com a estilista Cristina Cordeiro."},"content":{"rendered":"\n<figure class=\"wp-block-image size-large\"><img loading=\"lazy\" decoding=\"async\" class=\"wp-image-10765 aligncenter\" src=\"http:\/\/www.girosgourmet.com.br\/wp-content\/uploads\/2020\/11\/cris.jpg\" alt=\"\" width=\"450\" height=\"609\" srcset=\"http:\/\/www.girosgourmet.com.br\/wp-content\/uploads\/2020\/11\/cris.jpg 517w, http:\/\/www.girosgourmet.com.br\/wp-content\/uploads\/2020\/11\/cris-222x300.jpg 222w\" sizes=\"auto, (max-width: 450px) 100vw, 450px\" \/><\/figure>\n\n\n\n<p style=\"text-align: justify;\">Nesta segunda-feira (09), a Capital Paulista ganhar\u00e1 mais um novo espa\u00e7o art\u00edstico e cultural, <strong>A Casa Di Corallo<\/strong>, que foi concebida pelo ator e artista pl\u00e1stico catarinense <strong>Saulo Meneghetti e <\/strong>por sua s\u00f3cia<strong> Jacqueline da Gama Hass<\/strong>. O artista, que desde os 12 anos comercializa suas obras, em 2003, aos 17 anos, come\u00e7ou a trabalhar como modelo, onde fotografou para grifes e editoriais de moda de diversas revistas internacionais, incluindo a Vogue e a Stylist. Durante este tempo tamb\u00e9m realizou suas primeiras exposi\u00e7\u00f5es e vernissages como artista pl\u00e1stico.<\/p>\n\n\n\n<p style=\"text-align: justify;\">O apartamento conceito, que est\u00e1 localizado em um charmoso pr\u00e9dio da regi\u00e3o da <strong>Rep\u00fablica<\/strong>, foi todo restaurado pela dupla, com o intuito de preservar boa parte do charme da arquitetura local. Vale lembrar que o bairro, desde a primeira metade do s\u00e9culo passado, ficou conhecido como \u201cCentro Novo\u201d, na mesma \u00e9poca em que novas diretrizes urban\u00edsticas eram criadas em S\u00e3o Paulo, ajudando a moldar uma identidade para o entorno.<\/p>\n<p>&nbsp;<\/p>\n\n\n\n<figure class=\"wp-block-image size-large is-resized\"><img loading=\"lazy\" decoding=\"async\" src=\"http:\/\/www.girosgourmet.com.br\/wp-content\/uploads\/2020\/11\/cris1-768x1024.jpg\" alt=\"\" class=\"wp-image-10766\" width=\"592\" height=\"789\" srcset=\"http:\/\/www.girosgourmet.com.br\/wp-content\/uploads\/2020\/11\/cris1-768x1024.jpg 768w, http:\/\/www.girosgourmet.com.br\/wp-content\/uploads\/2020\/11\/cris1-225x300.jpg 225w, http:\/\/www.girosgourmet.com.br\/wp-content\/uploads\/2020\/11\/cris1.jpg 960w\" sizes=\"auto, (max-width: 592px) 100vw, 592px\" \/><\/figure>\n\n\n\n<p style=\"text-align: justify;\">A Casa Di Corallo foi concebida como uma forma de homenagear artistas de v\u00e1rios segmentos, os s\u00f3cios tamb\u00e9m convidaram alguns estilistas de moda, com uma pegada mais art\u00edstica, para fazer parte da inaugura\u00e7\u00e3o do espa\u00e7o de exposi\u00e7\u00f5es, entre eles, a estilista cearense <strong>Cristina Cordeiro<\/strong>, que se destaca h\u00e1 30 anos no cen\u00e1rio carioca e ser\u00e1 a \u00fanica designer que estar\u00e1 na cidade para conferir a estreia de suas pe\u00e7as na galeria. \u201c<em>Para mim, Moda e Arte andam juntas em minhas pe\u00e7as, que s\u00e3o roupas voltadas para pessoas que possuem um estilo mais livre e que fogem de qualquer modismo. Al\u00e9m disso, meu estilo criativo tem tudo a ver com o paulistano: confort\u00e1veis e atemporais, t\u00e3o necess\u00e1rias para o momento atual que vivenciamos<\/em>\u201d, declara a estilista.<\/p>\n\n\n\n<p style=\"text-align: justify;\">Ela trar\u00e1 pe\u00e7as exclusivas para a mostra. \u201c<em>Como o apartamento conceito sugere um ambiente curioso, com caracter\u00edsticas jovens e inusitadas, eu criei pe\u00e7as que seguem a fluidez e o ritmo da cidade, com uma silhueta mais ampla, cores \u00fanicas e com meu toque pessoal<\/em>\u201d, confidencia Cristina.<\/p>\n\n\n\n<p style=\"text-align: justify;\">Quem quiser conhecer um pouco mais deste lugar incr\u00edvel e do trabalho da estilista, poder\u00e1 agendar uma visita pelo telefone (21) 98418 6669. A Casa Di Corallo fica na Alameda Bar\u00e3o de Limeira, 14 &#8211; apartamento 7, Rep\u00fablica, S\u00e3o Paulo.<\/p>\n<iframe src=\"http:\/\/www.facebook.com\/plugins\/like.php?href=http:\/\/www.girosgourmet.com.br\/index.php\/casa-di-corallo-lanca-exposicao-em-parceria-com-a-estilista-cristina-cordeiro\/&amp;layout=standard&amp;show_faces=1&amp;width=450&amp;action=like&amp;colorscheme=light&amp;font=\" scrolling=\"no\" frameborder=\"0\" style=\"border:none; overflow:hidden; width:450px; height:60px\"><\/iframe>","protected":false},"excerpt":{"rendered":"<p>Nesta segunda-feira (09), a Capital Paulista ganhar\u00e1 mais um novo espa\u00e7o art\u00edstico e cultural, A Casa Di Corallo, que foi concebida pelo ator e artista pl\u00e1stico catarinense Saulo Meneghetti e por sua s\u00f3cia Jacqueline da Gama Hass. O artista, que desde os 12 anos comercializa suas obras, em 2003, aos [&hellip;]<\/p>\n","protected":false},"author":3,"featured_media":0,"comment_status":"open","ping_status":"closed","sticky":false,"template":"","format":"standard","meta":{"footnotes":""},"categories":[40],"tags":[2559,2558,2557,26],"class_list":["post-10764","post","type-post","status-publish","format-standard","hentry","category-culturamodabelezabem-estar","tag-apartamento","tag-casa-di-corallo","tag-cristina-cordeiro","tag-exposicao"],"_links":{"self":[{"href":"http:\/\/www.girosgourmet.com.br\/index.php\/wp-json\/wp\/v2\/posts\/10764","targetHints":{"allow":["GET"]}}],"collection":[{"href":"http:\/\/www.girosgourmet.com.br\/index.php\/wp-json\/wp\/v2\/posts"}],"about":[{"href":"http:\/\/www.girosgourmet.com.br\/index.php\/wp-json\/wp\/v2\/types\/post"}],"author":[{"embeddable":true,"href":"http:\/\/www.girosgourmet.com.br\/index.php\/wp-json\/wp\/v2\/users\/3"}],"replies":[{"embeddable":true,"href":"http:\/\/www.girosgourmet.com.br\/index.php\/wp-json\/wp\/v2\/comments?post=10764"}],"version-history":[{"count":2,"href":"http:\/\/www.girosgourmet.com.br\/index.php\/wp-json\/wp\/v2\/posts\/10764\/revisions"}],"predecessor-version":[{"id":10768,"href":"http:\/\/www.girosgourmet.com.br\/index.php\/wp-json\/wp\/v2\/posts\/10764\/revisions\/10768"}],"wp:attachment":[{"href":"http:\/\/www.girosgourmet.com.br\/index.php\/wp-json\/wp\/v2\/media?parent=10764"}],"wp:term":[{"taxonomy":"category","embeddable":true,"href":"http:\/\/www.girosgourmet.com.br\/index.php\/wp-json\/wp\/v2\/categories?post=10764"},{"taxonomy":"post_tag","embeddable":true,"href":"http:\/\/www.girosgourmet.com.br\/index.php\/wp-json\/wp\/v2\/tags?post=10764"}],"curies":[{"name":"wp","href":"https:\/\/api.w.org\/{rel}","templated":true}]}}