{"id":10675,"date":"2020-09-22T10:19:48","date_gmt":"2020-09-22T13:19:48","guid":{"rendered":"http:\/\/www.girosgourmet.com.br\/?p=10675"},"modified":"2020-09-22T10:20:21","modified_gmt":"2020-09-22T13:20:21","slug":"3-restaurantes-para-aproveitar-a-primavera-em-sp","status":"publish","type":"post","link":"http:\/\/www.girosgourmet.com.br\/index.php\/3-restaurantes-para-aproveitar-a-primavera-em-sp\/","title":{"rendered":"3 restaurantes para aproveitar a primavera em SP."},"content":{"rendered":"\n<figure class=\"wp-block-table is-style-regular\"><table><tbody><tr><td><em>Os restaurantes Maison Antonella, Aragon Esp\u00edrito Ib\u00e9rico e Varanda Estaiada s\u00e3o \u00f3timos points na capital para curtir os meses mais floridos e de temperatura agrad\u00e1vel do ano<\/em><\/td><\/tr><\/tbody><\/table><figcaption><img decoding=\"async\" src=\"https:\/\/tramp.com.br\/wp-content\/uploads\/2020\/09\/varanda_estaiada-lashbang.jpg\"><\/figcaption><\/figure>\n\n\n\n<p style=\"text-align: justify;\">As \u00e1rvores come\u00e7am a florescer e dar cor \u00e0 S\u00e3o Paulo, mudando a paisagem urbana apelidada de &#8220;selva de pedra&#8221; por conta do tom cinza da capital. Nesta ter\u00e7a, 22, \u00e9 marcado o in\u00edcio da Primavera, e a chegada da esta\u00e7\u00e3o \u00e9 mais um convite para se cercar de leveza e experi\u00eancias diferenciadas.<\/p>\n<p style=\"text-align: justify;\">Abaixo selecionamos tr\u00eas op\u00e7\u00f5es que t\u00eam tudo a ver com a Primavera, que merece ser aproveitada ao m\u00e1ximo &#8211; respeitando as medidas de seguran\u00e7a, claro!<\/p>\n<p style=\"text-align: justify;\"><strong>Experi\u00eancia sofisticada inspirada na Belle \u00c9poque<\/strong><\/p>\n<p><strong>Maison Antonella<\/strong><\/p>\n<p><img decoding=\"async\" src=\"https:\/\/www.viagemegastronomia.com.br\/wp-content\/uploads\/2020\/02\/BarAntonellaMaison.jpg\" \/><\/p>\n<p style=\"text-align: justify;\">Inaugurado em S\u00e3o Paulo no final de 2019, no Jardins, o restaurante <strong>Maison Antonella<\/strong>, gerenciado pelos s\u00f3cios do Grupo PDH Entretenimento, traz uma arquitetura vitoriana inspirada no per\u00edodo da <strong>Belle \u00c9poque,<\/strong> al\u00e9m de fortes refer\u00eancias de Primavera. A parte interna do restaurante \u00e9 toda decorada com flores, desde a decora\u00e7\u00e3o das mesas aos espa\u00e7os (sal\u00e3o principal, mezanino e banheiros), al\u00e9m de toda a cobertura do teto na parte interna e parte das \u00e1reas externas. O card\u00e1pio da casa \u00e9 inspirado na culin\u00e1ria mediterr\u00e2nea francesa, e traz op\u00e7\u00f5es inspiradas na esta\u00e7\u00e3o, com destaque para a <strong>Panela de Peixes e Frutos do Mar<\/strong> (R$194) , que serve duas pessoas e acompanha Ratatouille e um leve aioli. J\u00e1 a carta de drinks traz op\u00e7\u00f5es autorais inspiradas nas quatro esta\u00e7\u00f5es do ano, os drinks My <strong>Bird Friend<\/strong> (R$ 59) e <strong>Bubbles Shower<\/strong> (R$ 59) representam a Primavera, e s\u00e3o uma \u00f3tima pedida nos dias mais quentes por serem altamente refrescantes.<\/p>\n<p style=\"text-align: justify;\"><strong>Culin\u00e1ria Ib\u00e9rica com toques espanh\u00f3is e portugueses<\/strong><\/p>\n<p style=\"text-align: justify;\"><strong>Aragon Esp\u00edrito Ib\u00e9rico<\/strong> <\/p>\n<p><img decoding=\"async\" src=\"https:\/\/media-cdn.tripadvisor.com\/media\/photo-s\/0a\/b4\/2d\/f4\/20160325-102501-largejpg.jpg\" \/><\/p>\n<p style=\"text-align: justify;\">H\u00e1 seis anos em atividade em S\u00e3o Paulo, o <strong>Aragon Esp\u00edrito Ib\u00e9rico<\/strong>, tamb\u00e9m gerenciado pelo Grupo PHD Entretenimento e a fam\u00edlia Rios, combina os valores e sabor da culin\u00e1ria da Pen\u00ednsula Ib\u00e9rica em um ambiente contagiante e arquitetura moderna. Traz em seu card\u00e1pio um pedacinho do mediterr\u00e2neo Europeu, com o melhor da culin\u00e1ria Portuguesa e Espanhola, com destaque para a tradicional <strong>Paella<\/strong> (R$ 270) e o famoso <strong>churros com doce de leite<\/strong> (R$ 36). O restaurante, que ficou meses operando apenas com servi\u00e7os de delivery e retirada, est\u00e1 funcionando em nova din\u00e2mica de hor\u00e1rios, de quarta a domingo, e est\u00e1 pronto para receber seus habitu\u00e9s conforme os protocolos de seguran\u00e7a. Localizado na regi\u00e3o dos Jardins, al\u00e9m da gastronomia, o espa\u00e7o re\u00fane o <strong>Tapas de Aragon<\/strong>, bar que serve a culin\u00e1ria t\u00edpica dos bares espanh\u00f3is.<\/p>\n<p style=\"text-align: justify;\"><strong>Para curtir ao ar livre (e com vista!)<\/strong><\/p>\n<p style=\"text-align: justify;\"><strong>Varanda Estaiada\u00a0<\/strong><\/p>\n<p style=\"text-align: justify;\"><img decoding=\"async\" src=\"https:\/\/versatille.com\/wp-content\/uploads\/2020\/09\/varandaestaiada_118719201_682411035956173_8801870977947861944_n-1-1.jpg\" \/><br \/>Rec\u00e9m inaugurado e com funcionamento tempor\u00e1rio apenas aos s\u00e1bados e domingos, o Varanda Estaiada \u00e9 uma \u00f3tima op\u00e7\u00e3o para curtir um final de semana ensolarado durante a primavera. O restaurante ocupa uma \u00e1rea de 1200 m\u00b2 a c\u00e9u aberto, com as mesas espa\u00e7adas entre si e pedidos e fila do banheiro feitas via aplicativo. Isso sem comentar a vista excepcional para um dos cart\u00f5es postais da cidades e os comes e bebes, que deixam a experi\u00eancia ainda melhor. A refrescante carta de drinks foi desenvolvida pelo premiado <strong>mixologista M\u00e1rcio Silva<\/strong>, as entradas e acompanhamentos ficam com o chef Pedro Mirabile e a tradicional <strong>parrilla<\/strong> \u00e9 comandada pelo argentino Gonzalo Platero. O projeto \u00e9 fruto da parceria entre os s\u00f3cios do Complexo Parque Estaiada, Bob Dannenberg Fernando Ximenes e Thiago Armentano, al\u00e9m da ag\u00eancia Play, de Eduardo Aga e Thiago Bordi, e Sergio Couto, da Voa Boi Cortes Nobres. A entrada \u00e9 mediante reserva.<\/p>\n<p style=\"text-align: justify;\"><strong>Servi\u00e7os:<\/strong> <br \/>Antonella Maison <br \/>Endere\u00e7o: Av. Brig. Lu\u00eds Ant\u00f4nio, 4.764 &#8211; Jardim Paulista &#8211; S\u00e3o Paulo <br \/>Hor\u00e1rio de funcionamento: De ter\u00e7a \u00e0 quinta das 18h \u00e0s 22h; \u00e0s sextas das 13 \u00e0s 16h e das 19h \u00e0s 22h; s\u00e1bados e domingos das 12h \u00e0s 18h <br \/>Telefone: (11) 93209-4173 <br \/>Site: http:\/\/antonellamaison.com\/ <br \/>Instagram: http:\/\/www.instagram.com\/antonellamaison\/ <br \/>Ticket m\u00e9dio: R$ 200,00 <br \/>Observa\u00e7\u00e3o: Tem acesso para deficientes; aceita todos os cart\u00f5es; uso obrigat\u00f3rio de m\u00e1scaras.<\/p>\n<p style=\"text-align: justify;\">Aragon Esp\u00edrito Ib\u00e9rico <br \/>Endere\u00e7o: Alameda Ministro Rocha Azevedo, 1373, Jardim Europa <br \/>Hor\u00e1rio de funcionamento: De quinta \u00e0 s\u00e1bado das 12h \u00e0s 16h, e das 18h \u00e0s 22h, e aos domingos das 12h \u00e0s 19h <br \/>Telefone: (11) 30851877 <br \/>Site: http:\/\/www.aragongrupo.com.br\/ <br \/>Instagram: http:\/\/www.instagram.com\/aragonrestaurante <br \/>Ticket m\u00e9dio: R$ 150,00 <br \/>Observa\u00e7\u00e3o: Tem acesso para deficientes; aceita todos os cart\u00f5es; uso obrigat\u00f3rio de m\u00e1scaras.<\/p>\n<p style=\"text-align: justify;\">Varanda Estaiada <br \/>Endere\u00e7o: Av. Ulysses Reis de Mattos, 230 &#8211; Real Parque, S\u00e3o Paulo &#8211; SP. CEP: <br \/>05686-020 <br \/>Hor\u00e1rio de funcionamento: <br \/>S\u00e1bados e Domingos: Das 14h \u00e0s 22h; <br \/>Reservas via whatsapp: (11) 99524-3578 <br \/>Instagram: @Varandaestaiada<\/p>\n\n\n<iframe src=\"http:\/\/www.facebook.com\/plugins\/like.php?href=http:\/\/www.girosgourmet.com.br\/index.php\/3-restaurantes-para-aproveitar-a-primavera-em-sp\/&amp;layout=standard&amp;show_faces=1&amp;width=450&amp;action=like&amp;colorscheme=light&amp;font=\" scrolling=\"no\" frameborder=\"0\" style=\"border:none; overflow:hidden; width:450px; height:60px\"><\/iframe>","protected":false},"excerpt":{"rendered":"<p>Os restaurantes Maison Antonella, Aragon Esp\u00edrito Ib\u00e9rico e Varanda Estaiada s\u00e3o \u00f3timos points na capital para curtir os meses mais floridos e de temperatura agrad\u00e1vel do ano As \u00e1rvores come\u00e7am a florescer e dar cor \u00e0 S\u00e3o Paulo, mudando a paisagem urbana apelidada de &#8220;selva de pedra&#8221; por conta do [&hellip;]<\/p>\n","protected":false},"author":3,"featured_media":0,"comment_status":"open","ping_status":"closed","sticky":false,"template":"","format":"standard","meta":{"footnotes":""},"categories":[39],"tags":[2528,442,2529,1861,2530],"class_list":["post-10675","post","type-post","status-publish","format-standard","hentry","category-gastronomia","tag-aragon-espirito-iberico","tag-jardins","tag-maison-antonella","tag-primavera","tag-varanda-estaiada"],"_links":{"self":[{"href":"http:\/\/www.girosgourmet.com.br\/index.php\/wp-json\/wp\/v2\/posts\/10675","targetHints":{"allow":["GET"]}}],"collection":[{"href":"http:\/\/www.girosgourmet.com.br\/index.php\/wp-json\/wp\/v2\/posts"}],"about":[{"href":"http:\/\/www.girosgourmet.com.br\/index.php\/wp-json\/wp\/v2\/types\/post"}],"author":[{"embeddable":true,"href":"http:\/\/www.girosgourmet.com.br\/index.php\/wp-json\/wp\/v2\/users\/3"}],"replies":[{"embeddable":true,"href":"http:\/\/www.girosgourmet.com.br\/index.php\/wp-json\/wp\/v2\/comments?post=10675"}],"version-history":[{"count":3,"href":"http:\/\/www.girosgourmet.com.br\/index.php\/wp-json\/wp\/v2\/posts\/10675\/revisions"}],"predecessor-version":[{"id":10679,"href":"http:\/\/www.girosgourmet.com.br\/index.php\/wp-json\/wp\/v2\/posts\/10675\/revisions\/10679"}],"wp:attachment":[{"href":"http:\/\/www.girosgourmet.com.br\/index.php\/wp-json\/wp\/v2\/media?parent=10675"}],"wp:term":[{"taxonomy":"category","embeddable":true,"href":"http:\/\/www.girosgourmet.com.br\/index.php\/wp-json\/wp\/v2\/categories?post=10675"},{"taxonomy":"post_tag","embeddable":true,"href":"http:\/\/www.girosgourmet.com.br\/index.php\/wp-json\/wp\/v2\/tags?post=10675"}],"curies":[{"name":"wp","href":"https:\/\/api.w.org\/{rel}","templated":true}]}}