{"id":10240,"date":"2020-03-27T12:49:56","date_gmt":"2020-03-27T15:49:56","guid":{"rendered":"http:\/\/www.girosgourmet.com.br\/?p=10240"},"modified":"2020-03-27T12:49:56","modified_gmt":"2020-03-27T15:49:56","slug":"ana-luiza-trajano-lanca-serie-de-videos-cesta-basica","status":"publish","type":"post","link":"http:\/\/www.girosgourmet.com.br\/index.php\/ana-luiza-trajano-lanca-serie-de-videos-cesta-basica\/","title":{"rendered":"Ana Luiza Trajano lan\u00e7a s\u00e9rie de V\u00eddeos &#8220;Cesta B\u00e1sica&#8221;."},"content":{"rendered":"<p><img loading=\"lazy\" decoding=\"async\" class=\"aligncenter size-full wp-image-10241\" src=\"http:\/\/www.girosgourmet.com.br\/wp-content\/uploads\/2020\/03\/ana-luiza.jpg\" alt=\"\" width=\"1280\" height=\"720\" srcset=\"http:\/\/www.girosgourmet.com.br\/wp-content\/uploads\/2020\/03\/ana-luiza.jpg 1280w, http:\/\/www.girosgourmet.com.br\/wp-content\/uploads\/2020\/03\/ana-luiza-300x169.jpg 300w, http:\/\/www.girosgourmet.com.br\/wp-content\/uploads\/2020\/03\/ana-luiza-768x432.jpg 768w, http:\/\/www.girosgourmet.com.br\/wp-content\/uploads\/2020\/03\/ana-luiza-1024x576.jpg 1024w\" sizes=\"auto, (max-width: 1280px) 100vw, 1280px\" \/><\/p>\n<p style=\"text-align: justify;\">Com o atual cen\u00e1rio de isolamento social por conta da pandemia do coronav\u00edrus, a <strong>chef Ana Luiza Trajano<\/strong> resolveu antecipar o lan\u00e7amento da s\u00e9rie \u201cCesta B\u00e1sica\u201d, que estava em fase final de produ\u00e7\u00e3o em parceria com seu <strong>Instituto Brasil a Gosto<\/strong>. Trata-se de uma s\u00e9rie de v\u00eddeos de receitas, pr\u00e9-preparos e at\u00e9 organiza\u00e7\u00e3o da geladeira que auxilia na programa\u00e7\u00e3o para uma alimenta\u00e7\u00e3o saud\u00e1vel e saborosa a partir de ingredientes frequentemente encontrados nos lares do pa\u00eds. Todos s\u00e3o preparos pr\u00e1ticos e gostosos facilmente reproduzidos na rotina di\u00e1ria de uma casa.<\/p>\n<p style=\"text-align: justify;\">A s\u00e9rie, pautada em cima de uma lista de compras b\u00e1sica (dispon\u00edvel no site do Instituto: <a href=\"http:\/\/brasilagosto.org\/cesta-basica\">brasilagosto.org\/cesta-basica<\/a>, prop\u00f5e, ainda, um card\u00e1pio de duas semanas, aproveitando ao \u00a0m\u00e1ximo os ingredientes nas mais variadas receitas, atitude ainda mais urgente com a atual situa\u00e7\u00e3o mundial.<\/p>\n<p style=\"text-align: justify;\">Para conferir os v\u00eddeos, basta acompanhar as redes sociais do Instituto: @institutobrasilagosto e o canal no Youtube (\/InstitutoBrasilaGosto). Tamb\u00e9m \u00e9 poss\u00edvel acessar o conte\u00fado pelo link:\u00a0<a href=\"http:\/\/brasilagosto.org\/cesta-basica\/\">http:\/\/brasilagosto.org\/cesta-basica\/<\/a><\/p>\n<p style=\"text-align: justify;\"><strong>INSTITUTO BRASIL A GOSTO<\/strong><\/p>\n<p style=\"text-align: justify;\">Um dos pilares do Instituto Brasil a Gosto, fundado pela chef Ana Luiza Trajano, \u00e9 promover e divulgar conhecimento sobre a cozinha brasileira. Para isso, al\u00e9m de livros (B\u00e1sico &#8211; Enciclop\u00e9dia de Receitas do Brasil; Misture a Gosto; Card\u00e1pios do Brasil; e Brasil a Gosto), a entidade conta com uma forte plataforma digital, incluindo site, redes sociais e canal no\u00a0Youtube. Seu trabalho \u00e9 amplificado, ainda, por meio de cursos livres, palestras, aulas show e parcerias com importantes empresas do mercado.<\/p>\n<p style=\"text-align: justify;\">Servi\u00e7o: Instituto Brasil a Gosto | @institutobrasilagosto<br \/>\n<span style=\"font-size: 1rem;\">\u00a0<\/span><a style=\"font-size: 1rem;\" href=\"http:\/\/www.institutobrasilagosto.com.br\/\">www.brasilagosto.<\/a><span style=\"font-size: 1rem;\">org |\u00a0<\/span><a style=\"font-size: 1rem;\" href=\"http:\/\/youtube.com\/InstitutoBrasilaGosto\">Youtube.com\/InstitutoBrasilaGosto<\/a><\/p>\n<iframe src=\"http:\/\/www.facebook.com\/plugins\/like.php?href=http:\/\/www.girosgourmet.com.br\/index.php\/ana-luiza-trajano-lanca-serie-de-videos-cesta-basica\/&amp;layout=standard&amp;show_faces=1&amp;width=450&amp;action=like&amp;colorscheme=light&amp;font=\" scrolling=\"no\" frameborder=\"0\" style=\"border:none; overflow:hidden; width:450px; height:60px\"><\/iframe>","protected":false},"excerpt":{"rendered":"<p>Com o atual cen\u00e1rio de isolamento social por conta da pandemia do coronav\u00edrus, a chef Ana Luiza Trajano resolveu antecipar o lan\u00e7amento da s\u00e9rie \u201cCesta B\u00e1sica\u201d, que estava em fase final de produ\u00e7\u00e3o em parceria com seu Instituto Brasil a Gosto. Trata-se de uma s\u00e9rie de v\u00eddeos de receitas, pr\u00e9-preparos [&hellip;]<\/p>\n","protected":false},"author":3,"featured_media":0,"comment_status":"open","ping_status":"closed","sticky":false,"template":"","format":"standard","meta":{"footnotes":""},"categories":[39],"tags":[1651,2418],"class_list":["post-10240","post","type-post","status-publish","format-standard","hentry","category-gastronomia","tag-chef-ana-luiza-trajano","tag-instituto-brasil-a-gosto"],"_links":{"self":[{"href":"http:\/\/www.girosgourmet.com.br\/index.php\/wp-json\/wp\/v2\/posts\/10240","targetHints":{"allow":["GET"]}}],"collection":[{"href":"http:\/\/www.girosgourmet.com.br\/index.php\/wp-json\/wp\/v2\/posts"}],"about":[{"href":"http:\/\/www.girosgourmet.com.br\/index.php\/wp-json\/wp\/v2\/types\/post"}],"author":[{"embeddable":true,"href":"http:\/\/www.girosgourmet.com.br\/index.php\/wp-json\/wp\/v2\/users\/3"}],"replies":[{"embeddable":true,"href":"http:\/\/www.girosgourmet.com.br\/index.php\/wp-json\/wp\/v2\/comments?post=10240"}],"version-history":[{"count":1,"href":"http:\/\/www.girosgourmet.com.br\/index.php\/wp-json\/wp\/v2\/posts\/10240\/revisions"}],"predecessor-version":[{"id":10242,"href":"http:\/\/www.girosgourmet.com.br\/index.php\/wp-json\/wp\/v2\/posts\/10240\/revisions\/10242"}],"wp:attachment":[{"href":"http:\/\/www.girosgourmet.com.br\/index.php\/wp-json\/wp\/v2\/media?parent=10240"}],"wp:term":[{"taxonomy":"category","embeddable":true,"href":"http:\/\/www.girosgourmet.com.br\/index.php\/wp-json\/wp\/v2\/categories?post=10240"},{"taxonomy":"post_tag","embeddable":true,"href":"http:\/\/www.girosgourmet.com.br\/index.php\/wp-json\/wp\/v2\/tags?post=10240"}],"curies":[{"name":"wp","href":"https:\/\/api.w.org\/{rel}","templated":true}]}}